{"id":2525,"date":"2021-09-30T16:04:11","date_gmt":"2021-09-30T14:04:11","guid":{"rendered":"https:\/\/dcievent.com\/?p=2525"},"modified":"2021-10-04T14:32:26","modified_gmt":"2021-10-04T12:32:26","slug":"sonorisation-saison-estivale","status":"publish","type":"post","link":"https:\/\/dcievent.com\/index.php\/2021\/09\/30\/sonorisation-saison-estivale\/","title":{"rendered":"Sonorisation d&#8217;une belle saison estivale"},"content":{"rendered":"\n<p>Les \u00e9quipes de DCI event ont su r\u00e9pondre pr\u00e9sent aupr\u00e8s de nos clients pour ce nouvel \u00e9t\u00e9 de prestations. <\/p>\n\n\n\n<p>Malgr\u00e9 le d\u00e9marrage plus compliqu\u00e9 cette ann\u00e9e, nous avons pu mener \u00e0 bien de beaux projets. Notamment un spectacle en hommage au Pottok organis\u00e9 par l&#8217;<a href=\"http:\/\/www.anpottoka.fr\/\" target=\"_blank\" rel=\"noreferrer noopener\">Association Nationale du Pottok<\/a> aux ar\u00e8nes de Bayonne. <\/p>\n\n\n\n<p>C\u00f4t\u00e9 musical, sonorisation des concerts pour les traditionnelles f\u00eates de village (Lahonce, Sare, Saint Pierre d&#8217;Irube, Macaye, Ibarron&#8230;), un rendez-vous hebdomadaire sur la sc\u00e8ne Jazz du festival Paseo. Les Estivales d&#8217;Aranaga ont aussi pu se d\u00e9rouler normalement, avec 2 pi\u00e8ces de th\u00e9\u00e2tre et un concert de Pauline et Juliette.<\/p>\n\n\n\n<p>Nous souhaitons maintenant d\u00e9velopper notre activit\u00e9 vid\u00e9o avec la captation multi cam\u00e9ras d&#8217;\u00e9v\u00e9nements : salons, d\u00e9bats publics, concerts, spectacles. Destin\u00e9e aux entreprises comme aux associations et soci\u00e9t\u00e9s \u00e9v\u00e9nementielles, cette activit\u00e9 permet une grande visibilit\u00e9 indispensable aujourd&#8217;hui. La vid\u00e9o est aujourd&#8217;hui le compl\u00e9ment logique \u00e0 la sonorisation d&#8217;un \u00e9v\u00e9nement.<\/p>\n\n\n\n<div class=\"wp-block-image\"><figure class=\"aligncenter size-large\"><img data-opt-id=1946871221  fetchpriority=\"high\" decoding=\"async\" width=\"1024\" height=\"768\" src=\"https:\/\/mlpbnbifhtdl.i.optimole.com\/cb:Cy3u.b2dd\/w:1024\/h:768\/q:mauto\/g:sm\/f:best\/https:\/\/dcievent.com\/wp-content\/uploads\/2021\/09\/20210911_233006-1024x768.jpg\" alt=\"concert la topadora sc\u00e8ne live\" class=\"wp-image-2530\" srcset=\"https:\/\/mlpbnbifhtdl.i.optimole.com\/cb:Cy3u.b2dd\/w:1024\/h:768\/q:mauto\/g:sm\/f:best\/https:\/\/dcievent.com\/wp-content\/uploads\/2021\/09\/la%20Topadora%20concert%20fetes%20de%20Sare.jpg 1024w, https:\/\/mlpbnbifhtdl.i.optimole.com\/cb:Cy3u.b2dd\/w:300\/h:225\/q:mauto\/g:sm\/f:best\/https:\/\/dcievent.com\/wp-content\/uploads\/2021\/09\/la%20Topadora%20concert%20fetes%20de%20Sare.jpg 300w, https:\/\/mlpbnbifhtdl.i.optimole.com\/cb:Cy3u.b2dd\/w:768\/h:576\/q:mauto\/g:sm\/f:best\/https:\/\/dcievent.com\/wp-content\/uploads\/2021\/09\/la%20Topadora%20concert%20fetes%20de%20Sare.jpg 768w, https:\/\/mlpbnbifhtdl.i.optimole.com\/cb:Cy3u.b2dd\/w:1440\/h:1080\/q:mauto\/g:sm\/f:best\/https:\/\/dcievent.com\/wp-content\/uploads\/2021\/09\/la%20Topadora%20concert%20fetes%20de%20Sare.jpg 1536w, https:\/\/mlpbnbifhtdl.i.optimole.com\/cb:Cy3u.b2dd\/w:1440\/h:1080\/q:mauto\/g:sm\/f:best\/https:\/\/dcievent.com\/wp-content\/uploads\/2021\/09\/la%20Topadora%20concert%20fetes%20de%20Sare.jpg 2048w, https:\/\/mlpbnbifhtdl.i.optimole.com\/cb:Cy3u.b2dd\/w:1440\/h:1080\/q:mauto\/g:sm\/f:best\/https:\/\/dcievent.com\/wp-content\/uploads\/2021\/09\/la%20Topadora%20concert%20fetes%20de%20Sare.jpg 1920w\" sizes=\"(max-width: 800px) 100vw, 800px\" \/><figcaption>Concert de la Topadora pour les f\u00eates de Sare<\/figcaption><\/figure><\/div>\n\n\n\n<figure class=\"wp-block-image size-large\"><img data-opt-id=141746595  data-opt-src=\"https:\/\/mlpbnbifhtdl.i.optimole.com\/cb:Cy3u.b2dd\/w:1024\/h:461\/q:mauto\/g:sm\/f:best\/https:\/\/dcievent.com\/wp-content\/uploads\/2021\/09\/20210812_212422-1024x461.jpg\"  decoding=\"async\" width=\"1024\" height=\"461\" src=\"data:image/svg+xml,%3Csvg%20viewBox%3D%220%200%201024%20461%22%20width%3D%221024%22%20height%3D%22461%22%20xmlns%3D%22http%3A%2F%2Fwww.w3.org%2F2000%2Fsvg%22%3E%3Crect%20width%3D%221024%22%20height%3D%22461%22%20fill%3D%22transparent%22%2F%3E%3C%2Fsvg%3E\" alt=\"estivales arnaga th\u00e9\u00e2tre et musique quatuor\" class=\"wp-image-2529\" old-srcset=\"https:\/\/mlpbnbifhtdl.i.optimole.com\/cb:Cy3u.b2dd\/w:1024\/h:461\/q:mauto\/g:sm\/f:best\/https:\/\/dcievent.com\/wp-content\/uploads\/2021\/09\/estivales%20d&#039;arnaga%20th\u00e9atre%20du%20versant.jpg 1024w, https:\/\/mlpbnbifhtdl.i.optimole.com\/cb:Cy3u.b2dd\/w:300\/h:135\/q:mauto\/g:sm\/f:best\/https:\/\/dcievent.com\/wp-content\/uploads\/2021\/09\/estivales%20d&#039;arnaga%20th\u00e9atre%20du%20versant.jpg 300w, https:\/\/mlpbnbifhtdl.i.optimole.com\/cb:Cy3u.b2dd\/w:768\/h:346\/q:mauto\/g:sm\/f:best\/https:\/\/dcievent.com\/wp-content\/uploads\/2021\/09\/estivales%20d&#039;arnaga%20th\u00e9atre%20du%20versant.jpg 768w, https:\/\/mlpbnbifhtdl.i.optimole.com\/cb:Cy3u.b2dd\/w:1536\/h:692\/q:mauto\/g:sm\/f:best\/https:\/\/dcievent.com\/wp-content\/uploads\/2021\/09\/estivales%20d&#039;arnaga%20th\u00e9atre%20du%20versant.jpg 1536w, https:\/\/mlpbnbifhtdl.i.optimole.com\/cb:Cy3u.b2dd\/w:1920\/h:864\/q:mauto\/g:sm\/f:best\/https:\/\/dcievent.com\/wp-content\/uploads\/2021\/09\/estivales%20d&#039;arnaga%20th\u00e9atre%20du%20versant.jpg 2048w, https:\/\/mlpbnbifhtdl.i.optimole.com\/cb:Cy3u.b2dd\/w:800\/h:360\/q:mauto\/g:sm\/f:best\/https:\/\/dcievent.com\/wp-content\/uploads\/2021\/09\/estivales%20d&#039;arnaga%20th\u00e9atre%20du%20versant.jpg 800w, https:\/\/mlpbnbifhtdl.i.optimole.com\/cb:Cy3u.b2dd\/w:620\/h:279\/q:mauto\/g:sm\/f:best\/https:\/\/dcievent.com\/wp-content\/uploads\/2021\/09\/estivales%20d&#039;arnaga%20th\u00e9atre%20du%20versant.jpg 620w, https:\/\/mlpbnbifhtdl.i.optimole.com\/cb:Cy3u.b2dd\/w:400\/h:180\/q:mauto\/g:sm\/f:best\/https:\/\/dcievent.com\/wp-content\/uploads\/2021\/09\/estivales%20d&#039;arnaga%20th\u00e9atre%20du%20versant.jpg 400w, https:\/\/mlpbnbifhtdl.i.optimole.com\/cb:Cy3u.b2dd\/w:1920\/h:865\/q:mauto\/g:sm\/f:best\/https:\/\/dcievent.com\/wp-content\/uploads\/2021\/09\/estivales%20d&#039;arnaga%20th\u00e9atre%20du%20versant.jpg 1920w\" \/><figcaption>Pi\u00e8ce de th\u00e9\u00e2tre musical avec le th\u00e9\u00e2tre du Versant et le quatuor Arnaga<\/figcaption><\/figure>\n\n\n\n<figure class=\"wp-block-image size-large\"><img data-opt-id=1608737950  data-opt-src=\"https:\/\/mlpbnbifhtdl.i.optimole.com\/cb:Cy3u.b2dd\/w:1024\/h:768\/q:mauto\/g:sm\/f:best\/https:\/\/dcievent.com\/wp-content\/uploads\/2021\/09\/20210806_213527-1024x768.jpg\"  decoding=\"async\" width=\"1024\" height=\"768\" src=\"data:image/svg+xml,%3Csvg%20viewBox%3D%220%200%201024%20768%22%20width%3D%221024%22%20height%3D%22768%22%20xmlns%3D%22http%3A%2F%2Fwww.w3.org%2F2000%2Fsvg%22%3E%3Crect%20width%3D%221024%22%20height%3D%22768%22%20fill%3D%22transparent%22%2F%3E%3C%2Fsvg%3E\" alt=\"pottoka gaua ar\u00e8nes de bayonne\" class=\"wp-image-2527\" old-srcset=\"https:\/\/mlpbnbifhtdl.i.optimole.com\/cb:Cy3u.b2dd\/w:1024\/h:768\/q:mauto\/g:sm\/f:best\/https:\/\/dcievent.com\/wp-content\/uploads\/2021\/09\/pottoka%20gaua%20ar\u00e8nes%20de%20Bayonne.jpg 1024w, https:\/\/mlpbnbifhtdl.i.optimole.com\/cb:Cy3u.b2dd\/w:300\/h:225\/q:mauto\/g:sm\/f:best\/https:\/\/dcievent.com\/wp-content\/uploads\/2021\/09\/pottoka%20gaua%20ar\u00e8nes%20de%20Bayonne.jpg 300w, https:\/\/mlpbnbifhtdl.i.optimole.com\/cb:Cy3u.b2dd\/w:768\/h:576\/q:mauto\/g:sm\/f:best\/https:\/\/dcievent.com\/wp-content\/uploads\/2021\/09\/pottoka%20gaua%20ar\u00e8nes%20de%20Bayonne.jpg 768w, https:\/\/mlpbnbifhtdl.i.optimole.com\/cb:Cy3u.b2dd\/w:1440\/h:1080\/q:mauto\/g:sm\/f:best\/https:\/\/dcievent.com\/wp-content\/uploads\/2021\/09\/pottoka%20gaua%20ar\u00e8nes%20de%20Bayonne.jpg 1536w, https:\/\/mlpbnbifhtdl.i.optimole.com\/cb:Cy3u.b2dd\/w:1440\/h:1080\/q:mauto\/g:sm\/f:best\/https:\/\/dcievent.com\/wp-content\/uploads\/2021\/09\/pottoka%20gaua%20ar\u00e8nes%20de%20Bayonne.jpg 2048w, https:\/\/mlpbnbifhtdl.i.optimole.com\/cb:Cy3u.b2dd\/w:1440\/h:1080\/q:mauto\/g:sm\/f:best\/https:\/\/dcievent.com\/wp-content\/uploads\/2021\/09\/pottoka%20gaua%20ar\u00e8nes%20de%20Bayonne.jpg 1920w\" \/><figcaption>Spectacle de pottoks aux ar\u00e8nes de Bayonne par Association Nationale du Pottok &#8211; sonorisation, \u00e9clairage, vid\u00e9o<\/figcaption><\/figure>\n","protected":false},"excerpt":{"rendered":"<p>Les \u00e9quipes de DCI event ont su r\u00e9pondre pr\u00e9sent aupr\u00e8s de nos clients pour ce nouvel \u00e9t\u00e9 de prestations. Malgr\u00e9 le d\u00e9marrage plus compliqu\u00e9 cette ann\u00e9e, nous avons pu mener &#8230;<\/p>\n","protected":false},"author":1,"featured_media":2527,"comment_status":"closed","ping_status":"closed","sticky":false,"template":"","format":"standard","meta":{"footnotes":""},"categories":[8,9,48],"tags":[],"class_list":["post-2525","post","type-post","status-publish","format-standard","has-post-thumbnail","hentry","category-concert","category-spectacle-vivant","category-video"],"yoast_head":"<!-- This site is optimized with the Yoast SEO plugin v27.5 - https:\/\/yoast.com\/product\/yoast-seo-wordpress\/ -->\n<title>Sonorisation d&#039;une belle saison estivale - DCI Event - Prestataire Technique Audiovisuel<\/title>\n<meta name=\"description\" content=\"Sonorisation, \u00e9clairage, captation et diffusion vid\u00e9o de nombreux \u00e9v\u00e9nements. Concerts, spectacles, th\u00e9\u00e2tre et salons publics par DCI event\" \/>\n<meta name=\"robots\" content=\"index, follow, max-snippet:-1, max-image-preview:large, max-video-preview:-1\" \/>\n<link rel=\"canonical\" href=\"https:\/\/dcievent.com\/index.php\/2021\/09\/30\/sonorisation-saison-estivale\/\" \/>\n<meta property=\"og:locale\" content=\"fr_FR\" \/>\n<meta property=\"og:type\" content=\"article\" \/>\n<meta property=\"og:title\" content=\"Sonorisation d&#039;une belle saison estivale - DCI Event - Prestataire Technique Audiovisuel\" \/>\n<meta property=\"og:description\" content=\"Sonorisation, \u00e9clairage, captation et diffusion vid\u00e9o de nombreux \u00e9v\u00e9nements. Concerts, spectacles, th\u00e9\u00e2tre et salons publics par DCI event\" \/>\n<meta property=\"og:url\" content=\"https:\/\/dcievent.com\/index.php\/2021\/09\/30\/sonorisation-saison-estivale\/\" \/>\n<meta property=\"og:site_name\" content=\"DCI Event - Prestataire Technique Audiovisuel\" \/>\n<meta property=\"article:publisher\" content=\"http:\/\/www.facebook.com\/dcievent\" \/>\n<meta property=\"article:published_time\" content=\"2021-09-30T14:04:11+00:00\" \/>\n<meta property=\"article:modified_time\" content=\"2021-10-04T12:32:26+00:00\" \/>\n<meta property=\"og:image\" content=\"https:\/\/mlpbnbifhtdl.i.optimole.com\/cb:Cy3u.b2dd\/w:auto\/h:auto\/q:mauto\/g:sm\/f:best\/https:\/\/dcievent.com\/wp-content\/uploads\/2021\/09\/pottoka%20gaua%20arènes%20de%20Bayonne.jpg\" \/>\n\t<meta property=\"og:image:width\" content=\"1920\" \/>\n\t<meta property=\"og:image:height\" content=\"1440\" \/>\n\t<meta property=\"og:image:type\" content=\"image\/jpeg\" \/>\n<meta name=\"author\" content=\"Xabi\" \/>\n<meta name=\"twitter:card\" content=\"summary_large_image\" \/>\n<meta name=\"twitter:label1\" content=\"\u00c9crit par\" \/>\n\t<meta name=\"twitter:data1\" content=\"Xabi\" \/>\n\t<meta name=\"twitter:label2\" content=\"Dur\u00e9e de lecture estim\u00e9e\" \/>\n\t<meta name=\"twitter:data2\" content=\"2 minutes\" \/>\n<script type=\"application\/ld+json\" class=\"yoast-schema-graph\">{\"@context\":\"https:\\\/\\\/schema.org\",\"@graph\":[{\"@type\":\"Article\",\"@id\":\"https:\\\/\\\/dcievent.com\\\/index.php\\\/2021\\\/09\\\/30\\\/sonorisation-saison-estivale\\\/#article\",\"isPartOf\":{\"@id\":\"https:\\\/\\\/dcievent.com\\\/index.php\\\/2021\\\/09\\\/30\\\/sonorisation-saison-estivale\\\/\"},\"author\":{\"name\":\"Xabi\",\"@id\":\"https:\\\/\\\/dcievent.com\\\/#\\\/schema\\\/person\\\/786a6bd7924d8a08fe637749e17581df\"},\"headline\":\"Sonorisation d&#8217;une belle saison estivale\",\"datePublished\":\"2021-09-30T14:04:11+00:00\",\"dateModified\":\"2021-10-04T12:32:26+00:00\",\"mainEntityOfPage\":{\"@id\":\"https:\\\/\\\/dcievent.com\\\/index.php\\\/2021\\\/09\\\/30\\\/sonorisation-saison-estivale\\\/\"},\"wordCount\":226,\"publisher\":{\"@id\":\"https:\\\/\\\/dcievent.com\\\/#organization\"},\"image\":{\"@id\":\"https:\\\/\\\/dcievent.com\\\/index.php\\\/2021\\\/09\\\/30\\\/sonorisation-saison-estivale\\\/#primaryimage\"},\"thumbnailUrl\":\"https:\\\/\\\/dcievent.com\\\/wp-content\\\/uploads\\\/2021\\\/09\\\/pottoka gaua ar\u00e8nes de Bayonne.jpg\",\"articleSection\":[\"Concert\",\"Spectacle vivant\",\"Vid\u00e9o\"],\"inLanguage\":\"fr-FR\"},{\"@type\":\"WebPage\",\"@id\":\"https:\\\/\\\/dcievent.com\\\/index.php\\\/2021\\\/09\\\/30\\\/sonorisation-saison-estivale\\\/\",\"url\":\"https:\\\/\\\/dcievent.com\\\/index.php\\\/2021\\\/09\\\/30\\\/sonorisation-saison-estivale\\\/\",\"name\":\"Sonorisation d'une belle saison estivale - DCI Event - Prestataire Technique Audiovisuel\",\"isPartOf\":{\"@id\":\"https:\\\/\\\/dcievent.com\\\/#website\"},\"primaryImageOfPage\":{\"@id\":\"https:\\\/\\\/dcievent.com\\\/index.php\\\/2021\\\/09\\\/30\\\/sonorisation-saison-estivale\\\/#primaryimage\"},\"image\":{\"@id\":\"https:\\\/\\\/dcievent.com\\\/index.php\\\/2021\\\/09\\\/30\\\/sonorisation-saison-estivale\\\/#primaryimage\"},\"thumbnailUrl\":\"https:\\\/\\\/dcievent.com\\\/wp-content\\\/uploads\\\/2021\\\/09\\\/pottoka gaua ar\u00e8nes de Bayonne.jpg\",\"datePublished\":\"2021-09-30T14:04:11+00:00\",\"dateModified\":\"2021-10-04T12:32:26+00:00\",\"description\":\"Sonorisation, \u00e9clairage, captation et diffusion vid\u00e9o de nombreux \u00e9v\u00e9nements. Concerts, spectacles, th\u00e9\u00e2tre et salons publics par DCI event\",\"breadcrumb\":{\"@id\":\"https:\\\/\\\/dcievent.com\\\/index.php\\\/2021\\\/09\\\/30\\\/sonorisation-saison-estivale\\\/#breadcrumb\"},\"inLanguage\":\"fr-FR\",\"potentialAction\":[{\"@type\":\"ReadAction\",\"target\":[\"https:\\\/\\\/dcievent.com\\\/index.php\\\/2021\\\/09\\\/30\\\/sonorisation-saison-estivale\\\/\"]}]},{\"@type\":\"ImageObject\",\"inLanguage\":\"fr-FR\",\"@id\":\"https:\\\/\\\/dcievent.com\\\/index.php\\\/2021\\\/09\\\/30\\\/sonorisation-saison-estivale\\\/#primaryimage\",\"url\":\"https:\\\/\\\/dcievent.com\\\/wp-content\\\/uploads\\\/2021\\\/09\\\/pottoka gaua ar\u00e8nes de Bayonne.jpg\",\"contentUrl\":\"https:\\\/\\\/dcievent.com\\\/wp-content\\\/uploads\\\/2021\\\/09\\\/pottoka gaua ar\u00e8nes de Bayonne.jpg\",\"width\":1920,\"height\":1440,\"caption\":\"Spectacle de pottoks aux ar\u00e8nes de Bayonne par Association Nationale du Pottok - sonorisation, \u00e9clairage, vid\u00e9o\"},{\"@type\":\"BreadcrumbList\",\"@id\":\"https:\\\/\\\/dcievent.com\\\/index.php\\\/2021\\\/09\\\/30\\\/sonorisation-saison-estivale\\\/#breadcrumb\",\"itemListElement\":[{\"@type\":\"ListItem\",\"position\":1,\"name\":\"Accueil\",\"item\":\"https:\\\/\\\/dcievent.com\\\/\"},{\"@type\":\"ListItem\",\"position\":2,\"name\":\"Sonorisation d&#8217;une belle saison estivale\"}]},{\"@type\":\"WebSite\",\"@id\":\"https:\\\/\\\/dcievent.com\\\/#website\",\"url\":\"https:\\\/\\\/dcievent.com\\\/\",\"name\":\"DCI Event\",\"description\":\"Location sonorisation, int\u00e9grateur audiovisuel, r\u00e9gie technique de spectacle\",\"publisher\":{\"@id\":\"https:\\\/\\\/dcievent.com\\\/#organization\"},\"potentialAction\":[{\"@type\":\"SearchAction\",\"target\":{\"@type\":\"EntryPoint\",\"urlTemplate\":\"https:\\\/\\\/dcievent.com\\\/?s={search_term_string}\"},\"query-input\":{\"@type\":\"PropertyValueSpecification\",\"valueRequired\":true,\"valueName\":\"search_term_string\"}}],\"inLanguage\":\"fr-FR\"},{\"@type\":\"Organization\",\"@id\":\"https:\\\/\\\/dcievent.com\\\/#organization\",\"name\":\"DCI event\",\"url\":\"https:\\\/\\\/dcievent.com\\\/\",\"logo\":{\"@type\":\"ImageObject\",\"inLanguage\":\"fr-FR\",\"@id\":\"https:\\\/\\\/dcievent.com\\\/#\\\/schema\\\/logo\\\/image\\\/\",\"url\":\"https:\\/\\/dcievent.com\\/wp-content\\/uploads\\/2024\\/01\\/cropped-cropped-DCI_LogoEvent_CMJN_HD-scaled-1.jpg\",\"contentUrl\":\"https:\\/\\/dcievent.com\\/wp-content\\/uploads\\/2024\\/01\\/cropped-cropped-DCI_LogoEvent_CMJN_HD-scaled-1.jpg\",\"width\":512,\"height\":512,\"caption\":\"DCI event\"},\"image\":{\"@id\":\"https:\\\/\\\/dcievent.com\\\/#\\\/schema\\\/logo\\\/image\\\/\"},\"sameAs\":[\"http:\\\/\\\/www.facebook.com\\\/dcievent\",\"http:\\\/\\\/www.instagram.com\\\/dcievent\"]},{\"@type\":\"Person\",\"@id\":\"https:\\\/\\\/dcievent.com\\\/#\\\/schema\\\/person\\\/786a6bd7924d8a08fe637749e17581df\",\"name\":\"Xabi\",\"image\":{\"@type\":\"ImageObject\",\"inLanguage\":\"fr-FR\",\"@id\":\"https:\\\/\\\/secure.gravatar.com\\\/avatar\\\/edb7a485a3591918f7cc1c3a167ff2b013273a0f828af59e9d4e76c336add007?s=96&d=mm&r=g\",\"url\":\"https:\\\/\\\/secure.gravatar.com\\\/avatar\\\/edb7a485a3591918f7cc1c3a167ff2b013273a0f828af59e9d4e76c336add007?s=96&d=mm&r=g\",\"contentUrl\":\"https:\\\/\\\/secure.gravatar.com\\\/avatar\\\/edb7a485a3591918f7cc1c3a167ff2b013273a0f828af59e9d4e76c336add007?s=96&d=mm&r=g\",\"caption\":\"Xabi\"}}]}<\/script>\n<!-- \/ Yoast SEO plugin. -->","yoast_head_json":{"title":"Sonorisation d'une belle saison estivale - DCI Event - Prestataire Technique Audiovisuel","description":"Sonorisation, \u00e9clairage, captation et diffusion vid\u00e9o de nombreux \u00e9v\u00e9nements. Concerts, spectacles, th\u00e9\u00e2tre et salons publics par DCI event","robots":{"index":"index","follow":"follow","max-snippet":"max-snippet:-1","max-image-preview":"max-image-preview:large","max-video-preview":"max-video-preview:-1"},"canonical":"https:\/\/dcievent.com\/index.php\/2021\/09\/30\/sonorisation-saison-estivale\/","og_locale":"fr_FR","og_type":"article","og_title":"Sonorisation d'une belle saison estivale - DCI Event - Prestataire Technique Audiovisuel","og_description":"Sonorisation, \u00e9clairage, captation et diffusion vid\u00e9o de nombreux \u00e9v\u00e9nements. Concerts, spectacles, th\u00e9\u00e2tre et salons publics par DCI event","og_url":"https:\/\/dcievent.com\/index.php\/2021\/09\/30\/sonorisation-saison-estivale\/","og_site_name":"DCI Event - Prestataire Technique Audiovisuel","article_publisher":"http:\/\/www.facebook.com\/dcievent","article_published_time":"2021-09-30T14:04:11+00:00","article_modified_time":"2021-10-04T12:32:26+00:00","og_image":[{"width":1920,"height":1440,"url":"https:\/\/dcievent.com\/wp-content\/uploads\/2021\/09\/pottoka gaua ar\u00e8nes de Bayonne.jpg","type":"image\/jpeg"}],"author":"Xabi","twitter_card":"summary_large_image","twitter_misc":{"\u00c9crit par":"Xabi","Dur\u00e9e de lecture estim\u00e9e":"2 minutes"},"schema":{"@context":"https:\/\/schema.org","@graph":[{"@type":"Article","@id":"https:\/\/dcievent.com\/index.php\/2021\/09\/30\/sonorisation-saison-estivale\/#article","isPartOf":{"@id":"https:\/\/dcievent.com\/index.php\/2021\/09\/30\/sonorisation-saison-estivale\/"},"author":{"name":"Xabi","@id":"https:\/\/dcievent.com\/#\/schema\/person\/786a6bd7924d8a08fe637749e17581df"},"headline":"Sonorisation d&#8217;une belle saison estivale","datePublished":"2021-09-30T14:04:11+00:00","dateModified":"2021-10-04T12:32:26+00:00","mainEntityOfPage":{"@id":"https:\/\/dcievent.com\/index.php\/2021\/09\/30\/sonorisation-saison-estivale\/"},"wordCount":226,"publisher":{"@id":"https:\/\/dcievent.com\/#organization"},"image":{"@id":"https:\/\/dcievent.com\/index.php\/2021\/09\/30\/sonorisation-saison-estivale\/#primaryimage"},"thumbnailUrl":"https:\/\/dcievent.com\/wp-content\/uploads\/2021\/09\/pottoka gaua ar\u00e8nes de Bayonne.jpg","articleSection":["Concert","Spectacle vivant","Vid\u00e9o"],"inLanguage":"fr-FR"},{"@type":"WebPage","@id":"https:\/\/dcievent.com\/index.php\/2021\/09\/30\/sonorisation-saison-estivale\/","url":"https:\/\/dcievent.com\/index.php\/2021\/09\/30\/sonorisation-saison-estivale\/","name":"Sonorisation d'une belle saison estivale - DCI Event - Prestataire Technique Audiovisuel","isPartOf":{"@id":"https:\/\/dcievent.com\/#website"},"primaryImageOfPage":{"@id":"https:\/\/dcievent.com\/index.php\/2021\/09\/30\/sonorisation-saison-estivale\/#primaryimage"},"image":{"@id":"https:\/\/dcievent.com\/index.php\/2021\/09\/30\/sonorisation-saison-estivale\/#primaryimage"},"thumbnailUrl":"https:\/\/dcievent.com\/wp-content\/uploads\/2021\/09\/pottoka gaua ar\u00e8nes de Bayonne.jpg","datePublished":"2021-09-30T14:04:11+00:00","dateModified":"2021-10-04T12:32:26+00:00","description":"Sonorisation, \u00e9clairage, captation et diffusion vid\u00e9o de nombreux \u00e9v\u00e9nements. Concerts, spectacles, th\u00e9\u00e2tre et salons publics par DCI event","breadcrumb":{"@id":"https:\/\/dcievent.com\/index.php\/2021\/09\/30\/sonorisation-saison-estivale\/#breadcrumb"},"inLanguage":"fr-FR","potentialAction":[{"@type":"ReadAction","target":["https:\/\/dcievent.com\/index.php\/2021\/09\/30\/sonorisation-saison-estivale\/"]}]},{"@type":"ImageObject","inLanguage":"fr-FR","@id":"https:\/\/dcievent.com\/index.php\/2021\/09\/30\/sonorisation-saison-estivale\/#primaryimage","url":"https:\/\/dcievent.com\/wp-content\/uploads\/2021\/09\/pottoka gaua ar\u00e8nes de Bayonne.jpg","contentUrl":"https:\/\/dcievent.com\/wp-content\/uploads\/2021\/09\/pottoka gaua ar\u00e8nes de Bayonne.jpg","width":1920,"height":1440,"caption":"Spectacle de pottoks aux ar\u00e8nes de Bayonne par Association Nationale du Pottok - sonorisation, \u00e9clairage, vid\u00e9o"},{"@type":"BreadcrumbList","@id":"https:\/\/dcievent.com\/index.php\/2021\/09\/30\/sonorisation-saison-estivale\/#breadcrumb","itemListElement":[{"@type":"ListItem","position":1,"name":"Accueil","item":"https:\/\/dcievent.com\/"},{"@type":"ListItem","position":2,"name":"Sonorisation d&#8217;une belle saison estivale"}]},{"@type":"WebSite","@id":"https:\/\/dcievent.com\/#website","url":"https:\/\/dcievent.com\/","name":"DCI Event","description":"Location sonorisation, int\u00e9grateur audiovisuel, r\u00e9gie technique de spectacle","publisher":{"@id":"https:\/\/dcievent.com\/#organization"},"potentialAction":[{"@type":"SearchAction","target":{"@type":"EntryPoint","urlTemplate":"https:\/\/dcievent.com\/?s={search_term_string}"},"query-input":{"@type":"PropertyValueSpecification","valueRequired":true,"valueName":"search_term_string"}}],"inLanguage":"fr-FR"},{"@type":"Organization","@id":"https:\/\/dcievent.com\/#organization","name":"DCI event","url":"https:\/\/dcievent.com\/","logo":{"@type":"ImageObject","inLanguage":"fr-FR","@id":"https:\/\/dcievent.com\/#\/schema\/logo\/image\/","url":"https:\/\/mlpbnbifhtdl.i.optimole.com\/cb:Cy3u.b2dd\/w:auto\/h:auto\/q:mauto\/g:sm\/f:best\/https:\/\/dcievent.com\/wp-content\/uploads\/2024\/01\/cropped-cropped-DCI_LogoEvent_CMJN_HD-scaled-1.jpg","contentUrl":"https:\/\/mlpbnbifhtdl.i.optimole.com\/cb:Cy3u.b2dd\/w:auto\/h:auto\/q:mauto\/g:sm\/f:best\/https:\/\/dcievent.com\/wp-content\/uploads\/2024\/01\/cropped-cropped-DCI_LogoEvent_CMJN_HD-scaled-1.jpg","width":512,"height":512,"caption":"DCI event"},"image":{"@id":"https:\/\/dcievent.com\/#\/schema\/logo\/image\/"},"sameAs":["http:\/\/www.facebook.com\/dcievent","http:\/\/www.instagram.com\/dcievent"]},{"@type":"Person","@id":"https:\/\/dcievent.com\/#\/schema\/person\/786a6bd7924d8a08fe637749e17581df","name":"Xabi","image":{"@type":"ImageObject","inLanguage":"fr-FR","@id":"https:\/\/secure.gravatar.com\/avatar\/edb7a485a3591918f7cc1c3a167ff2b013273a0f828af59e9d4e76c336add007?s=96&d=mm&r=g","url":"https:\/\/secure.gravatar.com\/avatar\/edb7a485a3591918f7cc1c3a167ff2b013273a0f828af59e9d4e76c336add007?s=96&d=mm&r=g","contentUrl":"https:\/\/secure.gravatar.com\/avatar\/edb7a485a3591918f7cc1c3a167ff2b013273a0f828af59e9d4e76c336add007?s=96&d=mm&r=g","caption":"Xabi"}}]}},"_links":{"self":[{"href":"https:\/\/dcievent.com\/index.php\/wp-json\/wp\/v2\/posts\/2525","targetHints":{"allow":["GET"]}}],"collection":[{"href":"https:\/\/dcievent.com\/index.php\/wp-json\/wp\/v2\/posts"}],"about":[{"href":"https:\/\/dcievent.com\/index.php\/wp-json\/wp\/v2\/types\/post"}],"author":[{"embeddable":true,"href":"https:\/\/dcievent.com\/index.php\/wp-json\/wp\/v2\/users\/1"}],"replies":[{"embeddable":true,"href":"https:\/\/dcievent.com\/index.php\/wp-json\/wp\/v2\/comments?post=2525"}],"version-history":[{"count":3,"href":"https:\/\/dcievent.com\/index.php\/wp-json\/wp\/v2\/posts\/2525\/revisions"}],"predecessor-version":[{"id":2531,"href":"https:\/\/dcievent.com\/index.php\/wp-json\/wp\/v2\/posts\/2525\/revisions\/2531"}],"wp:featuredmedia":[{"embeddable":true,"href":"https:\/\/dcievent.com\/index.php\/wp-json\/wp\/v2\/media\/2527"}],"wp:attachment":[{"href":"https:\/\/dcievent.com\/index.php\/wp-json\/wp\/v2\/media?parent=2525"}],"wp:term":[{"taxonomy":"category","embeddable":true,"href":"https:\/\/dcievent.com\/index.php\/wp-json\/wp\/v2\/categories?post=2525"},{"taxonomy":"post_tag","embeddable":true,"href":"https:\/\/dcievent.com\/index.php\/wp-json\/wp\/v2\/tags?post=2525"}],"curies":[{"name":"wp","href":"https:\/\/api.w.org\/{rel}","templated":true}]}}