{"id":2226,"date":"2020-08-28T16:13:00","date_gmt":"2020-08-28T14:13:00","guid":{"rendered":"https:\/\/dcievent.com\/?p=2226"},"modified":"2020-11-06T15:03:18","modified_gmt":"2020-11-06T14:03:18","slug":"integration-audiovisuelle","status":"publish","type":"post","link":"https:\/\/dcievent.com\/index.php\/2020\/08\/28\/integration-audiovisuelle\/","title":{"rendered":"Int\u00e9gration audiovisuelle"},"content":{"rendered":"\n<p><strong>Une salle polyvalente enti\u00e8rement \u00e9quip\u00e9e et modulable<\/strong>.<\/p>\n\n\n\n<p>C&#8217;\u00e9tait le projet de <a href=\"https:\/\/www.hajsa.fr\" target=\"_blank\" rel=\"noreferrer noopener\">Habitat Jeune<\/a> \u00e0 Tarnos : proposer pour les r\u00e9sidents une int\u00e9gration audiovisuelle dans leur espace d\u00e9tente. L&#8217;objectif est que les r\u00e9sidents et intervenants puissent organiser des soir\u00e9es films\/matchs, karaok\u00e9s\/musiques, ou des r\u00e9unions et assembl\u00e9es.<\/p>\n\n\n\n<p>La solution que nous avons propos\u00e9e inclus une matrice Yamaha MTX3, outil tr\u00e8s performant qui permet de rappeler des presets de r\u00e9glages. C&#8217;est le cerveau audio de la salle sur lequel sont branch\u00e9s 4 micros HF ainsi que toutes les sources sonores (XLR, ordinateur via HDMI, &#8230;). En tout 4 zones de hauts parleurs sont dispos\u00e9es dans la salle (en plafonniers et enceintes murales + caisson de basse).<\/p>\n\n\n\n<p>Les cloisons amovibles de la salle permettent de la scinder en 3 ; gr\u00e2ce \u00e0 la matrice, nous pouvons contr\u00f4ler s\u00e9par\u00e9ment les zones et envoyer n&#8217;importe quelle source dedans.<\/p>\n\n\n\n<p>Ainsi, nous r\u00e9pondons parfaitement \u00e0 leur demande pour pouvoir effectuer des conf\u00e9rences, r\u00e9unions, ou des soir\u00e9es \u00e0 th\u00e8me. <\/p>\n\n\n\n<p>Pour une utilisation facile par n&#8217;importe quelle personnes (qui ne soit pas du m\u00e9tier), nous avons install\u00e9 des DCP (boitiers de contr\u00f4le simple). Ils permettent des r\u00e9glages simples sans pouvoir agir directement sur la programmation de la matrice. <strong>Pas de risque de casse ou de panne du syst\u00e8me ! <\/strong><\/p>\n\n\n\n<p>Enfin, un vid\u00e9oprojecteur permet la diffusion de contenu depuis 2 sources diff\u00e9rentes (un PC fixe, et un portable) avec un \u00e9cran motoris\u00e9.<\/p>\n\n\n\n<p>Si vous aussi vous voulez une solution discr\u00e8te, efficace et facile \u00e0 faire fonctionner, nous pouvons vous proposer une int\u00e9gration audiovisuelle sur-mesure.<\/p>\n\n\n\n<p>Vous pouvez trouver plus d&#8217;informations sur les matrices Yamaha <a href=\"https:\/\/dcievent.com\/wp-content\/uploads\/2020\/10\/brochure-integration-Matrix-yamaha-DCI-event-2020.pdf\" target=\"_blank\" rel=\"noreferrer noopener\">ICI<\/a>.<\/p>\n\n\n\n<figure class=\"wp-block-gallery columns-3 is-cropped wp-block-gallery-1 is-layout-flex wp-block-gallery-is-layout-flex\"><ul class=\"blocks-gallery-grid\"><li class=\"blocks-gallery-item\"><figure><img data-opt-id=929334545  fetchpriority=\"high\" decoding=\"async\" width=\"576\" height=\"1024\" src=\"https:\/\/mlpbnbifhtdl.i.optimole.com\/cb:Cy3u.b2dd\/w:576\/h:1024\/q:mauto\/g:sm\/f:best\/https:\/\/dcievent.com\/wp-content\/uploads\/2020\/10\/20200708_175135-576x1024.jpg\" alt=\"yamaha dcp mural controleur MTX DCI event\" data-id=\"2231\" data-full-url=\"https:\/\/mlpbnbifhtdl.i.optimole.com\/cb:Cy3u.b2dd\/w:auto\/h:auto\/q:mauto\/g:sm\/f:best\/https:\/\/dcievent.com\/wp-content\/uploads\/2020\/10\/DCP-yamaha-integration-installation-salle-controle-audiovisuel-evenementiel-tarnos-DCI-event.jpg\" data-link=\"https:\/\/dcievent.com\/?attachment_id=2231\" class=\"wp-image-2231\" srcset=\"https:\/\/mlpbnbifhtdl.i.optimole.com\/cb:Cy3u.b2dd\/w:576\/h:1024\/q:mauto\/g:sm\/f:best\/https:\/\/dcievent.com\/wp-content\/uploads\/2020\/10\/DCP-yamaha-integration-installation-salle-controle-audiovisuel-evenementiel-tarnos-DCI-event.jpg 576w, https:\/\/mlpbnbifhtdl.i.optimole.com\/cb:Cy3u.b2dd\/w:169\/h:300\/q:mauto\/g:sm\/f:best\/https:\/\/dcievent.com\/wp-content\/uploads\/2020\/10\/DCP-yamaha-integration-installation-salle-controle-audiovisuel-evenementiel-tarnos-DCI-event.jpg 169w, https:\/\/mlpbnbifhtdl.i.optimole.com\/cb:Cy3u.b2dd\/w:607\/h:1080\/q:mauto\/g:sm\/f:best\/https:\/\/dcievent.com\/wp-content\/uploads\/2020\/10\/DCP-yamaha-integration-installation-salle-controle-audiovisuel-evenementiel-tarnos-DCI-event.jpg 768w, https:\/\/mlpbnbifhtdl.i.optimole.com\/cb:Cy3u.b2dd\/w:607\/h:1080\/q:mauto\/g:sm\/f:best\/https:\/\/dcievent.com\/wp-content\/uploads\/2020\/10\/DCP-yamaha-integration-installation-salle-controle-audiovisuel-evenementiel-tarnos-DCI-event.jpg 864w, https:\/\/mlpbnbifhtdl.i.optimole.com\/cb:Cy3u.b2dd\/w:607\/h:1080\/q:mauto\/g:sm\/f:best\/https:\/\/dcievent.com\/wp-content\/uploads\/2020\/10\/DCP-yamaha-integration-installation-salle-controle-audiovisuel-evenementiel-tarnos-DCI-event.jpg 1152w, https:\/\/mlpbnbifhtdl.i.optimole.com\/cb:Cy3u.b2dd\/w:608\/h:1080\/q:mauto\/g:sm\/f:best\/https:\/\/dcievent.com\/wp-content\/uploads\/2020\/10\/DCP-yamaha-integration-installation-salle-controle-audiovisuel-evenementiel-tarnos-DCI-event.jpg 608w\" sizes=\"(max-width: 576px) 100vw, 576px\" \/><\/figure><\/li><li class=\"blocks-gallery-item\"><figure><img data-opt-id=1240402658  data-opt-src=\"https:\/\/mlpbnbifhtdl.i.optimole.com\/cb:Cy3u.b2dd\/w:576\/h:1024\/q:mauto\/g:sm\/f:best\/https:\/\/dcievent.com\/wp-content\/uploads\/2020\/10\/20200708_181355-576x1024.jpg\"  decoding=\"async\" width=\"576\" height=\"1024\" src=\"data:image/svg+xml,%3Csvg%20viewBox%3D%220%200%20576%201024%22%20width%3D%22576%22%20height%3D%221024%22%20xmlns%3D%22http%3A%2F%2Fwww.w3.org%2F2000%2Fsvg%22%3E%3Crect%20width%3D%22576%22%20height%3D%221024%22%20fill%3D%22transparent%22%2F%3E%3C%2Fsvg%3E\" alt=\"DCP yamaha MTX installation int\u00e9gration DCI event\" data-id=\"2232\" data-full-url=\"https:\/\/mlpbnbifhtdl.i.optimole.com\/cb:Cy3u.b2dd\/w:auto\/h:auto\/q:mauto\/g:sm\/f:best\/https:\/\/dcievent.com\/wp-content\/uploads\/2020\/10\/installation-DCP-controle-distance-matrice-yamaha-tarnos-DCI-event.jpg\" data-link=\"https:\/\/dcievent.com\/?attachment_id=2232\" class=\"wp-image-2232\" old-srcset=\"https:\/\/mlpbnbifhtdl.i.optimole.com\/cb:Cy3u.b2dd\/w:576\/h:1024\/q:mauto\/g:sm\/f:best\/https:\/\/dcievent.com\/wp-content\/uploads\/2020\/10\/installation-DCP-controle-distance-matrice-yamaha-tarnos-DCI-event.jpg 576w, https:\/\/mlpbnbifhtdl.i.optimole.com\/cb:Cy3u.b2dd\/w:169\/h:300\/q:mauto\/g:sm\/f:best\/https:\/\/dcievent.com\/wp-content\/uploads\/2020\/10\/installation-DCP-controle-distance-matrice-yamaha-tarnos-DCI-event.jpg 169w, https:\/\/mlpbnbifhtdl.i.optimole.com\/cb:Cy3u.b2dd\/w:607\/h:1080\/q:mauto\/g:sm\/f:best\/https:\/\/dcievent.com\/wp-content\/uploads\/2020\/10\/installation-DCP-controle-distance-matrice-yamaha-tarnos-DCI-event.jpg 768w, https:\/\/mlpbnbifhtdl.i.optimole.com\/cb:Cy3u.b2dd\/w:607\/h:1080\/q:mauto\/g:sm\/f:best\/https:\/\/dcievent.com\/wp-content\/uploads\/2020\/10\/installation-DCP-controle-distance-matrice-yamaha-tarnos-DCI-event.jpg 864w, https:\/\/mlpbnbifhtdl.i.optimole.com\/cb:Cy3u.b2dd\/w:607\/h:1080\/q:mauto\/g:sm\/f:best\/https:\/\/dcievent.com\/wp-content\/uploads\/2020\/10\/installation-DCP-controle-distance-matrice-yamaha-tarnos-DCI-event.jpg 1152w, https:\/\/mlpbnbifhtdl.i.optimole.com\/cb:Cy3u.b2dd\/w:608\/h:1080\/q:mauto\/g:sm\/f:best\/https:\/\/dcievent.com\/wp-content\/uploads\/2020\/10\/installation-DCP-controle-distance-matrice-yamaha-tarnos-DCI-event.jpg 608w\" \/><\/figure><\/li><li class=\"blocks-gallery-item\"><figure><img data-opt-id=1609977780  data-opt-src=\"https:\/\/mlpbnbifhtdl.i.optimole.com\/cb:Cy3u.b2dd\/w:576\/h:1024\/q:mauto\/g:sm\/f:best\/https:\/\/dcievent.com\/wp-content\/uploads\/2020\/10\/20200708_175042-576x1024.jpg\"  decoding=\"async\" width=\"576\" height=\"1024\" src=\"data:image/svg+xml,%3Csvg%20viewBox%3D%220%200%20576%201024%22%20width%3D%22576%22%20height%3D%221024%22%20xmlns%3D%22http%3A%2F%2Fwww.w3.org%2F2000%2Fsvg%22%3E%3Crect%20width%3D%22576%22%20height%3D%221024%22%20fill%3D%22transparent%22%2F%3E%3C%2Fsvg%3E\" alt=\"enceinte murale yamaha installation fixe int\u00e9gration DCI event\" data-id=\"2233\" data-full-url=\"https:\/\/mlpbnbifhtdl.i.optimole.com\/cb:Cy3u.b2dd\/w:auto\/h:auto\/q:mauto\/g:sm\/f:best\/https:\/\/dcievent.com\/wp-content\/uploads\/2020\/10\/instegration-enceinte-blanche-yamaha-100-volts-tarnos-DCI-event.jpg\" data-link=\"https:\/\/dcievent.com\/?attachment_id=2233\" class=\"wp-image-2233\" old-srcset=\"https:\/\/mlpbnbifhtdl.i.optimole.com\/cb:Cy3u.b2dd\/w:576\/h:1024\/q:mauto\/g:sm\/f:best\/https:\/\/dcievent.com\/wp-content\/uploads\/2020\/10\/instegration-enceinte-blanche-yamaha-100-volts-tarnos-DCI-event.jpg 576w, https:\/\/mlpbnbifhtdl.i.optimole.com\/cb:Cy3u.b2dd\/w:169\/h:300\/q:mauto\/g:sm\/f:best\/https:\/\/dcievent.com\/wp-content\/uploads\/2020\/10\/instegration-enceinte-blanche-yamaha-100-volts-tarnos-DCI-event.jpg 169w, https:\/\/mlpbnbifhtdl.i.optimole.com\/cb:Cy3u.b2dd\/w:607\/h:1080\/q:mauto\/g:sm\/f:best\/https:\/\/dcievent.com\/wp-content\/uploads\/2020\/10\/instegration-enceinte-blanche-yamaha-100-volts-tarnos-DCI-event.jpg 768w, https:\/\/mlpbnbifhtdl.i.optimole.com\/cb:Cy3u.b2dd\/w:607\/h:1080\/q:mauto\/g:sm\/f:best\/https:\/\/dcievent.com\/wp-content\/uploads\/2020\/10\/instegration-enceinte-blanche-yamaha-100-volts-tarnos-DCI-event.jpg 864w, https:\/\/mlpbnbifhtdl.i.optimole.com\/cb:Cy3u.b2dd\/w:607\/h:1080\/q:mauto\/g:sm\/f:best\/https:\/\/dcievent.com\/wp-content\/uploads\/2020\/10\/instegration-enceinte-blanche-yamaha-100-volts-tarnos-DCI-event.jpg 1152w, https:\/\/mlpbnbifhtdl.i.optimole.com\/cb:Cy3u.b2dd\/w:608\/h:1080\/q:mauto\/g:sm\/f:best\/https:\/\/dcievent.com\/wp-content\/uploads\/2020\/10\/instegration-enceinte-blanche-yamaha-100-volts-tarnos-DCI-event.jpg 608w\" \/><\/figure><\/li><li class=\"blocks-gallery-item\"><figure><img data-opt-id=30466802  data-opt-src=\"https:\/\/mlpbnbifhtdl.i.optimole.com\/cb:Cy3u.b2dd\/w:1024\/h:576\/q:mauto\/g:sm\/f:best\/https:\/\/dcievent.com\/wp-content\/uploads\/2020\/10\/20200708_174839-1024x576.jpg\"  decoding=\"async\" width=\"1024\" height=\"576\" src=\"data:image/svg+xml,%3Csvg%20viewBox%3D%220%200%201024%20576%22%20width%3D%221024%22%20height%3D%22576%22%20xmlns%3D%22http%3A%2F%2Fwww.w3.org%2F2000%2Fsvg%22%3E%3Crect%20width%3D%221024%22%20height%3D%22576%22%20fill%3D%22transparent%22%2F%3E%3C%2Fsvg%3E\" alt=\"matrice MTX3 amplificateur XMV Yamaha DCI event int\u00e9gration\" data-id=\"2234\" data-full-url=\"https:\/\/mlpbnbifhtdl.i.optimole.com\/cb:Cy3u.b2dd\/w:auto\/h:auto\/q:mauto\/g:sm\/f:best\/https:\/\/dcievent.com\/wp-content\/uploads\/2020\/10\/integration-tarnos-matrice-yamaha-mtx3-ampli-XMV-micro-hf-sennheiser-wireless-DCI-event.jpg\" data-link=\"https:\/\/dcievent.com\/?attachment_id=2234\" class=\"wp-image-2234\" old-srcset=\"https:\/\/mlpbnbifhtdl.i.optimole.com\/cb:Cy3u.b2dd\/w:1024\/h:576\/q:mauto\/g:sm\/f:best\/https:\/\/dcievent.com\/wp-content\/uploads\/2020\/10\/integration-tarnos-matrice-yamaha-mtx3-ampli-XMV-micro-hf-sennheiser-wireless-DCI-event.jpg 1024w, https:\/\/mlpbnbifhtdl.i.optimole.com\/cb:Cy3u.b2dd\/w:300\/h:169\/q:mauto\/g:sm\/f:best\/https:\/\/dcievent.com\/wp-content\/uploads\/2020\/10\/integration-tarnos-matrice-yamaha-mtx3-ampli-XMV-micro-hf-sennheiser-wireless-DCI-event.jpg 300w, https:\/\/mlpbnbifhtdl.i.optimole.com\/cb:Cy3u.b2dd\/w:768\/h:432\/q:mauto\/g:sm\/f:best\/https:\/\/dcievent.com\/wp-content\/uploads\/2020\/10\/integration-tarnos-matrice-yamaha-mtx3-ampli-XMV-micro-hf-sennheiser-wireless-DCI-event.jpg 768w, https:\/\/mlpbnbifhtdl.i.optimole.com\/cb:Cy3u.b2dd\/w:1536\/h:864\/q:mauto\/g:sm\/f:best\/https:\/\/dcievent.com\/wp-content\/uploads\/2020\/10\/integration-tarnos-matrice-yamaha-mtx3-ampli-XMV-micro-hf-sennheiser-wireless-DCI-event.jpg 1536w, https:\/\/mlpbnbifhtdl.i.optimole.com\/cb:Cy3u.b2dd\/w:1920\/h:1080\/q:mauto\/g:sm\/f:best\/https:\/\/dcievent.com\/wp-content\/uploads\/2020\/10\/integration-tarnos-matrice-yamaha-mtx3-ampli-XMV-micro-hf-sennheiser-wireless-DCI-event.jpg 2048w, https:\/\/mlpbnbifhtdl.i.optimole.com\/cb:Cy3u.b2dd\/w:1080\/h:608\/q:mauto\/g:sm\/f:best\/https:\/\/dcievent.com\/wp-content\/uploads\/2020\/10\/integration-tarnos-matrice-yamaha-mtx3-ampli-XMV-micro-hf-sennheiser-wireless-DCI-event.jpg 1080w\" \/><\/figure><\/li><\/ul><\/figure>\n\n\n\n<p><\/p>\n\n\n\n<p><\/p>\n","protected":false},"excerpt":{"rendered":"<p>Une salle polyvalente enti\u00e8rement \u00e9quip\u00e9e et modulable. C&#8217;\u00e9tait le projet de Habitat Jeune \u00e0 Tarnos : proposer pour les r\u00e9sidents une int\u00e9gration audiovisuelle dans leur espace d\u00e9tente. L&#8217;objectif est que &#8230;<\/p>\n","protected":false},"author":1,"featured_media":2236,"comment_status":"closed","ping_status":"closed","sticky":false,"template":"","format":"standard","meta":{"footnotes":""},"categories":[118,10,48],"tags":[],"class_list":["post-2226","post","type-post","status-publish","format-standard","has-post-thumbnail","hentry","category-conference-reunion","category-installation-fixe","category-video"],"yoast_head":"<!-- This site is optimized with the Yoast SEO plugin v27.5 - https:\/\/yoast.com\/product\/yoast-seo-wordpress\/ -->\n<title>Int\u00e9gration audiovisuelle - Sonorisation, micros et vid\u00e9o - DCI Event - Prestataire Technique Audiovisuel<\/title>\n<meta name=\"description\" content=\"Int\u00e9gration audiovisuelle et installations fixes d&#039;enceintes et hauts-parleurs, micros, vid\u00e9oprojecteur, \u00e9cran g\u00e9ant \u00e0 Tarnos sud-Landes\" \/>\n<meta name=\"robots\" content=\"index, follow, max-snippet:-1, max-image-preview:large, max-video-preview:-1\" \/>\n<link rel=\"canonical\" href=\"https:\/\/dcievent.com\/index.php\/2020\/08\/28\/integration-audiovisuelle\/\" \/>\n<meta property=\"og:locale\" content=\"fr_FR\" \/>\n<meta property=\"og:type\" content=\"article\" \/>\n<meta property=\"og:title\" content=\"Int\u00e9gration audiovisuelle - Sonorisation, micros et vid\u00e9o - DCI Event - Prestataire Technique Audiovisuel\" \/>\n<meta property=\"og:description\" content=\"Int\u00e9gration audiovisuelle et installations fixes d&#039;enceintes et hauts-parleurs, micros, vid\u00e9oprojecteur, \u00e9cran g\u00e9ant \u00e0 Tarnos sud-Landes\" \/>\n<meta property=\"og:url\" content=\"https:\/\/dcievent.com\/index.php\/2020\/08\/28\/integration-audiovisuelle\/\" \/>\n<meta property=\"og:site_name\" content=\"DCI Event - Prestataire Technique Audiovisuel\" \/>\n<meta property=\"article:publisher\" content=\"http:\/\/www.facebook.com\/dcievent\" \/>\n<meta property=\"article:published_time\" content=\"2020-08-28T14:13:00+00:00\" \/>\n<meta property=\"article:modified_time\" content=\"2020-11-06T14:03:18+00:00\" \/>\n<meta property=\"og:image\" content=\"https:\/\/mlpbnbifhtdl.i.optimole.com\/cb:Cy3u.b2dd\/w:auto\/h:auto\/q:mauto\/g:sm\/f:best\/https:\/\/dcievent.com\/wp-content\/uploads\/2020\/08\/micro-hf-sennheiser-installation-evolution-digital-tarnos-DCI-event.jpg\" \/>\n\t<meta property=\"og:image:width\" content=\"1080\" \/>\n\t<meta property=\"og:image:height\" content=\"608\" \/>\n\t<meta property=\"og:image:type\" content=\"image\/jpeg\" \/>\n<meta name=\"author\" content=\"Xabi\" \/>\n<meta name=\"twitter:card\" content=\"summary_large_image\" \/>\n<meta name=\"twitter:label1\" content=\"\u00c9crit par\" \/>\n\t<meta name=\"twitter:data1\" content=\"Xabi\" \/>\n\t<meta name=\"twitter:label2\" content=\"Dur\u00e9e de lecture estim\u00e9e\" \/>\n\t<meta name=\"twitter:data2\" content=\"1 minute\" \/>\n<script type=\"application\/ld+json\" class=\"yoast-schema-graph\">{\"@context\":\"https:\\\/\\\/schema.org\",\"@graph\":[{\"@type\":\"Article\",\"@id\":\"https:\\\/\\\/dcievent.com\\\/index.php\\\/2020\\\/08\\\/28\\\/integration-audiovisuelle\\\/#article\",\"isPartOf\":{\"@id\":\"https:\\\/\\\/dcievent.com\\\/index.php\\\/2020\\\/08\\\/28\\\/integration-audiovisuelle\\\/\"},\"author\":{\"name\":\"Xabi\",\"@id\":\"https:\\\/\\\/dcievent.com\\\/#\\\/schema\\\/person\\\/786a6bd7924d8a08fe637749e17581df\"},\"headline\":\"Int\u00e9gration audiovisuelle\",\"datePublished\":\"2020-08-28T14:13:00+00:00\",\"dateModified\":\"2020-11-06T14:03:18+00:00\",\"mainEntityOfPage\":{\"@id\":\"https:\\\/\\\/dcievent.com\\\/index.php\\\/2020\\\/08\\\/28\\\/integration-audiovisuelle\\\/\"},\"wordCount\":292,\"publisher\":{\"@id\":\"https:\\\/\\\/dcievent.com\\\/#organization\"},\"image\":{\"@id\":\"https:\\\/\\\/dcievent.com\\\/index.php\\\/2020\\\/08\\\/28\\\/integration-audiovisuelle\\\/#primaryimage\"},\"thumbnailUrl\":\"https:\\/\\/dcievent.com\\/wp-content\\/uploads\\/2020\\/08\\/micro-hf-sennheiser-installation-evolution-digital-tarnos-DCI-event.jpg\",\"articleSection\":[\"Conf\u00e9rence \\\/ r\u00e9union\",\"Installation fixe\",\"Vid\u00e9o\"],\"inLanguage\":\"fr-FR\"},{\"@type\":\"WebPage\",\"@id\":\"https:\\\/\\\/dcievent.com\\\/index.php\\\/2020\\\/08\\\/28\\\/integration-audiovisuelle\\\/\",\"url\":\"https:\\\/\\\/dcievent.com\\\/index.php\\\/2020\\\/08\\\/28\\\/integration-audiovisuelle\\\/\",\"name\":\"Int\u00e9gration audiovisuelle - Sonorisation, micros et vid\u00e9o - DCI Event - Prestataire Technique Audiovisuel\",\"isPartOf\":{\"@id\":\"https:\\\/\\\/dcievent.com\\\/#website\"},\"primaryImageOfPage\":{\"@id\":\"https:\\\/\\\/dcievent.com\\\/index.php\\\/2020\\\/08\\\/28\\\/integration-audiovisuelle\\\/#primaryimage\"},\"image\":{\"@id\":\"https:\\\/\\\/dcievent.com\\\/index.php\\\/2020\\\/08\\\/28\\\/integration-audiovisuelle\\\/#primaryimage\"},\"thumbnailUrl\":\"https:\\/\\/dcievent.com\\/wp-content\\/uploads\\/2020\\/08\\/micro-hf-sennheiser-installation-evolution-digital-tarnos-DCI-event.jpg\",\"datePublished\":\"2020-08-28T14:13:00+00:00\",\"dateModified\":\"2020-11-06T14:03:18+00:00\",\"description\":\"Int\u00e9gration audiovisuelle et installations fixes d'enceintes et hauts-parleurs, micros, vid\u00e9oprojecteur, \u00e9cran g\u00e9ant \u00e0 Tarnos sud-Landes\",\"breadcrumb\":{\"@id\":\"https:\\\/\\\/dcievent.com\\\/index.php\\\/2020\\\/08\\\/28\\\/integration-audiovisuelle\\\/#breadcrumb\"},\"inLanguage\":\"fr-FR\",\"potentialAction\":[{\"@type\":\"ReadAction\",\"target\":[\"https:\\\/\\\/dcievent.com\\\/index.php\\\/2020\\\/08\\\/28\\\/integration-audiovisuelle\\\/\"]}]},{\"@type\":\"ImageObject\",\"inLanguage\":\"fr-FR\",\"@id\":\"https:\\\/\\\/dcievent.com\\\/index.php\\\/2020\\\/08\\\/28\\\/integration-audiovisuelle\\\/#primaryimage\",\"url\":\"https:\\/\\/dcievent.com\\/wp-content\\/uploads\\/2020\\/08\\/micro-hf-sennheiser-installation-evolution-digital-tarnos-DCI-event.jpg\",\"contentUrl\":\"https:\\/\\/dcievent.com\\/wp-content\\/uploads\\/2020\\/08\\/micro-hf-sennheiser-installation-evolution-digital-tarnos-DCI-event.jpg\",\"width\":1080,\"height\":608,\"caption\":\"micro HF sennheiser matrice MTX Yamaha installation int\u00e9gration DCI event\"},{\"@type\":\"BreadcrumbList\",\"@id\":\"https:\\\/\\\/dcievent.com\\\/index.php\\\/2020\\\/08\\\/28\\\/integration-audiovisuelle\\\/#breadcrumb\",\"itemListElement\":[{\"@type\":\"ListItem\",\"position\":1,\"name\":\"Accueil\",\"item\":\"https:\\\/\\\/dcievent.com\\\/\"},{\"@type\":\"ListItem\",\"position\":2,\"name\":\"Int\u00e9gration audiovisuelle\"}]},{\"@type\":\"WebSite\",\"@id\":\"https:\\\/\\\/dcievent.com\\\/#website\",\"url\":\"https:\\\/\\\/dcievent.com\\\/\",\"name\":\"DCI Event\",\"description\":\"Location sonorisation, int\u00e9grateur audiovisuel, r\u00e9gie technique de spectacle\",\"publisher\":{\"@id\":\"https:\\\/\\\/dcievent.com\\\/#organization\"},\"potentialAction\":[{\"@type\":\"SearchAction\",\"target\":{\"@type\":\"EntryPoint\",\"urlTemplate\":\"https:\\\/\\\/dcievent.com\\\/?s={search_term_string}\"},\"query-input\":{\"@type\":\"PropertyValueSpecification\",\"valueRequired\":true,\"valueName\":\"search_term_string\"}}],\"inLanguage\":\"fr-FR\"},{\"@type\":\"Organization\",\"@id\":\"https:\\\/\\\/dcievent.com\\\/#organization\",\"name\":\"DCI event\",\"url\":\"https:\\\/\\\/dcievent.com\\\/\",\"logo\":{\"@type\":\"ImageObject\",\"inLanguage\":\"fr-FR\",\"@id\":\"https:\\\/\\\/dcievent.com\\\/#\\\/schema\\\/logo\\\/image\\\/\",\"url\":\"https:\\/\\/dcievent.com\\/wp-content\\/uploads\\/2024\\/01\\/cropped-cropped-DCI_LogoEvent_CMJN_HD-scaled-1.jpg\",\"contentUrl\":\"https:\\/\\/dcievent.com\\/wp-content\\/uploads\\/2024\\/01\\/cropped-cropped-DCI_LogoEvent_CMJN_HD-scaled-1.jpg\",\"width\":512,\"height\":512,\"caption\":\"DCI event\"},\"image\":{\"@id\":\"https:\\\/\\\/dcievent.com\\\/#\\\/schema\\\/logo\\\/image\\\/\"},\"sameAs\":[\"http:\\\/\\\/www.facebook.com\\\/dcievent\",\"http:\\\/\\\/www.instagram.com\\\/dcievent\"]},{\"@type\":\"Person\",\"@id\":\"https:\\\/\\\/dcievent.com\\\/#\\\/schema\\\/person\\\/786a6bd7924d8a08fe637749e17581df\",\"name\":\"Xabi\",\"image\":{\"@type\":\"ImageObject\",\"inLanguage\":\"fr-FR\",\"@id\":\"https:\\\/\\\/secure.gravatar.com\\\/avatar\\\/edb7a485a3591918f7cc1c3a167ff2b013273a0f828af59e9d4e76c336add007?s=96&d=mm&r=g\",\"url\":\"https:\\\/\\\/secure.gravatar.com\\\/avatar\\\/edb7a485a3591918f7cc1c3a167ff2b013273a0f828af59e9d4e76c336add007?s=96&d=mm&r=g\",\"contentUrl\":\"https:\\\/\\\/secure.gravatar.com\\\/avatar\\\/edb7a485a3591918f7cc1c3a167ff2b013273a0f828af59e9d4e76c336add007?s=96&d=mm&r=g\",\"caption\":\"Xabi\"}}]}<\/script>\n<!-- \/ Yoast SEO plugin. -->","yoast_head_json":{"title":"Int\u00e9gration audiovisuelle - Sonorisation, micros et vid\u00e9o - DCI Event - Prestataire Technique Audiovisuel","description":"Int\u00e9gration audiovisuelle et installations fixes d'enceintes et hauts-parleurs, micros, vid\u00e9oprojecteur, \u00e9cran g\u00e9ant \u00e0 Tarnos sud-Landes","robots":{"index":"index","follow":"follow","max-snippet":"max-snippet:-1","max-image-preview":"max-image-preview:large","max-video-preview":"max-video-preview:-1"},"canonical":"https:\/\/dcievent.com\/index.php\/2020\/08\/28\/integration-audiovisuelle\/","og_locale":"fr_FR","og_type":"article","og_title":"Int\u00e9gration audiovisuelle - Sonorisation, micros et vid\u00e9o - DCI Event - Prestataire Technique Audiovisuel","og_description":"Int\u00e9gration audiovisuelle et installations fixes d'enceintes et hauts-parleurs, micros, vid\u00e9oprojecteur, \u00e9cran g\u00e9ant \u00e0 Tarnos sud-Landes","og_url":"https:\/\/dcievent.com\/index.php\/2020\/08\/28\/integration-audiovisuelle\/","og_site_name":"DCI Event - Prestataire Technique Audiovisuel","article_publisher":"http:\/\/www.facebook.com\/dcievent","article_published_time":"2020-08-28T14:13:00+00:00","article_modified_time":"2020-11-06T14:03:18+00:00","og_image":[{"width":1080,"height":608,"url":"https:\/\/mlpbnbifhtdl.i.optimole.com\/cb:Cy3u.b2dd\/w:auto\/h:auto\/q:mauto\/g:sm\/f:best\/https:\/\/dcievent.com\/wp-content\/uploads\/2020\/08\/micro-hf-sennheiser-installation-evolution-digital-tarnos-DCI-event.jpg","type":"image\/jpeg"}],"author":"Xabi","twitter_card":"summary_large_image","twitter_misc":{"\u00c9crit par":"Xabi","Dur\u00e9e de lecture estim\u00e9e":"1 minute"},"schema":{"@context":"https:\/\/schema.org","@graph":[{"@type":"Article","@id":"https:\/\/dcievent.com\/index.php\/2020\/08\/28\/integration-audiovisuelle\/#article","isPartOf":{"@id":"https:\/\/dcievent.com\/index.php\/2020\/08\/28\/integration-audiovisuelle\/"},"author":{"name":"Xabi","@id":"https:\/\/dcievent.com\/#\/schema\/person\/786a6bd7924d8a08fe637749e17581df"},"headline":"Int\u00e9gration audiovisuelle","datePublished":"2020-08-28T14:13:00+00:00","dateModified":"2020-11-06T14:03:18+00:00","mainEntityOfPage":{"@id":"https:\/\/dcievent.com\/index.php\/2020\/08\/28\/integration-audiovisuelle\/"},"wordCount":292,"publisher":{"@id":"https:\/\/dcievent.com\/#organization"},"image":{"@id":"https:\/\/dcievent.com\/index.php\/2020\/08\/28\/integration-audiovisuelle\/#primaryimage"},"thumbnailUrl":"https:\/\/mlpbnbifhtdl.i.optimole.com\/cb:Cy3u.b2dd\/w:auto\/h:auto\/q:mauto\/g:sm\/f:best\/https:\/\/dcievent.com\/wp-content\/uploads\/2020\/08\/micro-hf-sennheiser-installation-evolution-digital-tarnos-DCI-event.jpg","articleSection":["Conf\u00e9rence \/ r\u00e9union","Installation fixe","Vid\u00e9o"],"inLanguage":"fr-FR"},{"@type":"WebPage","@id":"https:\/\/dcievent.com\/index.php\/2020\/08\/28\/integration-audiovisuelle\/","url":"https:\/\/dcievent.com\/index.php\/2020\/08\/28\/integration-audiovisuelle\/","name":"Int\u00e9gration audiovisuelle - Sonorisation, micros et vid\u00e9o - DCI Event - Prestataire Technique Audiovisuel","isPartOf":{"@id":"https:\/\/dcievent.com\/#website"},"primaryImageOfPage":{"@id":"https:\/\/dcievent.com\/index.php\/2020\/08\/28\/integration-audiovisuelle\/#primaryimage"},"image":{"@id":"https:\/\/dcievent.com\/index.php\/2020\/08\/28\/integration-audiovisuelle\/#primaryimage"},"thumbnailUrl":"https:\/\/mlpbnbifhtdl.i.optimole.com\/cb:Cy3u.b2dd\/w:auto\/h:auto\/q:mauto\/g:sm\/f:best\/https:\/\/dcievent.com\/wp-content\/uploads\/2020\/08\/micro-hf-sennheiser-installation-evolution-digital-tarnos-DCI-event.jpg","datePublished":"2020-08-28T14:13:00+00:00","dateModified":"2020-11-06T14:03:18+00:00","description":"Int\u00e9gration audiovisuelle et installations fixes d'enceintes et hauts-parleurs, micros, vid\u00e9oprojecteur, \u00e9cran g\u00e9ant \u00e0 Tarnos sud-Landes","breadcrumb":{"@id":"https:\/\/dcievent.com\/index.php\/2020\/08\/28\/integration-audiovisuelle\/#breadcrumb"},"inLanguage":"fr-FR","potentialAction":[{"@type":"ReadAction","target":["https:\/\/dcievent.com\/index.php\/2020\/08\/28\/integration-audiovisuelle\/"]}]},{"@type":"ImageObject","inLanguage":"fr-FR","@id":"https:\/\/dcievent.com\/index.php\/2020\/08\/28\/integration-audiovisuelle\/#primaryimage","url":"https:\/\/mlpbnbifhtdl.i.optimole.com\/cb:Cy3u.b2dd\/w:auto\/h:auto\/q:mauto\/g:sm\/f:best\/https:\/\/dcievent.com\/wp-content\/uploads\/2020\/08\/micro-hf-sennheiser-installation-evolution-digital-tarnos-DCI-event.jpg","contentUrl":"https:\/\/mlpbnbifhtdl.i.optimole.com\/cb:Cy3u.b2dd\/w:auto\/h:auto\/q:mauto\/g:sm\/f:best\/https:\/\/dcievent.com\/wp-content\/uploads\/2020\/08\/micro-hf-sennheiser-installation-evolution-digital-tarnos-DCI-event.jpg","width":1080,"height":608,"caption":"micro HF sennheiser matrice MTX Yamaha installation int\u00e9gration DCI event"},{"@type":"BreadcrumbList","@id":"https:\/\/dcievent.com\/index.php\/2020\/08\/28\/integration-audiovisuelle\/#breadcrumb","itemListElement":[{"@type":"ListItem","position":1,"name":"Accueil","item":"https:\/\/dcievent.com\/"},{"@type":"ListItem","position":2,"name":"Int\u00e9gration audiovisuelle"}]},{"@type":"WebSite","@id":"https:\/\/dcievent.com\/#website","url":"https:\/\/dcievent.com\/","name":"DCI Event","description":"Location sonorisation, int\u00e9grateur audiovisuel, r\u00e9gie technique de spectacle","publisher":{"@id":"https:\/\/dcievent.com\/#organization"},"potentialAction":[{"@type":"SearchAction","target":{"@type":"EntryPoint","urlTemplate":"https:\/\/dcievent.com\/?s={search_term_string}"},"query-input":{"@type":"PropertyValueSpecification","valueRequired":true,"valueName":"search_term_string"}}],"inLanguage":"fr-FR"},{"@type":"Organization","@id":"https:\/\/dcievent.com\/#organization","name":"DCI event","url":"https:\/\/dcievent.com\/","logo":{"@type":"ImageObject","inLanguage":"fr-FR","@id":"https:\/\/dcievent.com\/#\/schema\/logo\/image\/","url":"https:\/\/mlpbnbifhtdl.i.optimole.com\/cb:Cy3u.b2dd\/w:auto\/h:auto\/q:mauto\/g:sm\/f:best\/https:\/\/dcievent.com\/wp-content\/uploads\/2024\/01\/cropped-cropped-DCI_LogoEvent_CMJN_HD-scaled-1.jpg","contentUrl":"https:\/\/mlpbnbifhtdl.i.optimole.com\/cb:Cy3u.b2dd\/w:auto\/h:auto\/q:mauto\/g:sm\/f:best\/https:\/\/dcievent.com\/wp-content\/uploads\/2024\/01\/cropped-cropped-DCI_LogoEvent_CMJN_HD-scaled-1.jpg","width":512,"height":512,"caption":"DCI event"},"image":{"@id":"https:\/\/dcievent.com\/#\/schema\/logo\/image\/"},"sameAs":["http:\/\/www.facebook.com\/dcievent","http:\/\/www.instagram.com\/dcievent"]},{"@type":"Person","@id":"https:\/\/dcievent.com\/#\/schema\/person\/786a6bd7924d8a08fe637749e17581df","name":"Xabi","image":{"@type":"ImageObject","inLanguage":"fr-FR","@id":"https:\/\/secure.gravatar.com\/avatar\/edb7a485a3591918f7cc1c3a167ff2b013273a0f828af59e9d4e76c336add007?s=96&d=mm&r=g","url":"https:\/\/secure.gravatar.com\/avatar\/edb7a485a3591918f7cc1c3a167ff2b013273a0f828af59e9d4e76c336add007?s=96&d=mm&r=g","contentUrl":"https:\/\/secure.gravatar.com\/avatar\/edb7a485a3591918f7cc1c3a167ff2b013273a0f828af59e9d4e76c336add007?s=96&d=mm&r=g","caption":"Xabi"}}]}},"_links":{"self":[{"href":"https:\/\/dcievent.com\/index.php\/wp-json\/wp\/v2\/posts\/2226","targetHints":{"allow":["GET"]}}],"collection":[{"href":"https:\/\/dcievent.com\/index.php\/wp-json\/wp\/v2\/posts"}],"about":[{"href":"https:\/\/dcievent.com\/index.php\/wp-json\/wp\/v2\/types\/post"}],"author":[{"embeddable":true,"href":"https:\/\/dcievent.com\/index.php\/wp-json\/wp\/v2\/users\/1"}],"replies":[{"embeddable":true,"href":"https:\/\/dcievent.com\/index.php\/wp-json\/wp\/v2\/comments?post=2226"}],"version-history":[{"count":8,"href":"https:\/\/dcievent.com\/index.php\/wp-json\/wp\/v2\/posts\/2226\/revisions"}],"predecessor-version":[{"id":2363,"href":"https:\/\/dcievent.com\/index.php\/wp-json\/wp\/v2\/posts\/2226\/revisions\/2363"}],"wp:featuredmedia":[{"embeddable":true,"href":"https:\/\/dcievent.com\/index.php\/wp-json\/wp\/v2\/media\/2236"}],"wp:attachment":[{"href":"https:\/\/dcievent.com\/index.php\/wp-json\/wp\/v2\/media?parent=2226"}],"wp:term":[{"taxonomy":"category","embeddable":true,"href":"https:\/\/dcievent.com\/index.php\/wp-json\/wp\/v2\/categories?post=2226"},{"taxonomy":"post_tag","embeddable":true,"href":"https:\/\/dcievent.com\/index.php\/wp-json\/wp\/v2\/tags?post=2226"}],"curies":[{"name":"wp","href":"https:\/\/api.w.org\/{rel}","templated":true}]}}