{"id":1949,"date":"2019-04-30T15:01:22","date_gmt":"2019-04-30T13:01:22","guid":{"rendered":"http:\/\/dcievent.com\/?p=1949"},"modified":"2020-11-06T12:14:57","modified_gmt":"2020-11-06T11:14:57","slug":"cine-concert","status":"publish","type":"post","link":"https:\/\/dcievent.com\/index.php\/2019\/04\/30\/cine-concert\/","title":{"rendered":"Cin\u00e9-concert &#8211; Nafarroren Eguna &#8211; 2019"},"content":{"rendered":"\n<p>A l&#8217;occasion de <a href=\"https:\/\/www.eke.eus\/fr\/repertoire-artistes-acteurs-basques\/nafarroaren-eguna\" target=\"_blank\" rel=\"noreferrer noopener\">Nafarroaren Eguna<\/a> &#8211; la journ\u00e9e de la Navarre &#8211; nous avons \u00e9t\u00e9 sollicit\u00e9s pour mettre en place la partie technique son, lumi\u00e8res et vid\u00e9o d&#8217;un cin\u00e9-concert.<\/p>\n\n\n\n<p>Comme tous les ans, un concert a lieu dans l&#8217;\u00e9glise de St Etienne de Baigorry le samedi soir, pour ouvrir la f\u00eate du dimanche. Cette ann\u00e9e, les organisateurs ont d\u00e9cid\u00e9 de se tourner vers le concept du cin\u00e9-concert. Ce sera le film Charlie Chaplin sous titr\u00e9 en Euskara, jou\u00e9e en direct par les musiciens venus de Bilbao.<\/p>\n\n\n\n<figure class=\"wp-block-image\"><img data-opt-id=756100188  fetchpriority=\"high\" decoding=\"async\" width=\"1024\" height=\"576\" src=\"https:\/\/mlpbnbifhtdl.i.optimole.com\/cb:Cy3u.b2dd\/w:1024\/h:576\/q:mauto\/g:sm\/f:best\/http:\/\/dcievent.com\/wp-content\/uploads\/2019\/10\/20190427_193259.jpg\" alt=\"orchestre Bilbao live cin\u00e9-concert Baigorry\" class=\"wp-image-1962\" srcset=\"https:\/\/mlpbnbifhtdl.i.optimole.com\/cb:Cy3u.b2dd\/w:1024\/h:576\/q:mauto\/g:sm\/f:best\/https:\/\/dcievent.com\/wp-content\/uploads\/2019\/10\/charlie-chaplin-the-kid-zine-konzertua-nafarroaren-eguna-DCI-event.jpg 1024w, https:\/\/mlpbnbifhtdl.i.optimole.com\/cb:Cy3u.b2dd\/w:300\/h:169\/q:mauto\/g:sm\/f:best\/https:\/\/dcievent.com\/wp-content\/uploads\/2019\/10\/charlie-chaplin-the-kid-zine-konzertua-nafarroaren-eguna-DCI-event.jpg 300w, https:\/\/mlpbnbifhtdl.i.optimole.com\/cb:Cy3u.b2dd\/w:768\/h:432\/q:mauto\/g:sm\/f:best\/https:\/\/dcievent.com\/wp-content\/uploads\/2019\/10\/charlie-chaplin-the-kid-zine-konzertua-nafarroaren-eguna-DCI-event.jpg 768w, https:\/\/mlpbnbifhtdl.i.optimole.com\/cb:Cy3u.b2dd\/w:1080\/h:608\/q:mauto\/g:sm\/f:best\/https:\/\/dcievent.com\/wp-content\/uploads\/2019\/10\/charlie-chaplin-the-kid-zine-konzertua-nafarroaren-eguna-DCI-event.jpg 1080w\" sizes=\"(max-width: 800px) 100vw, 800px\" \/><figcaption>r\u00e9p\u00e9tition Charlie Chaplin, The Kid<\/figcaption><\/figure>\n\n\n\n<p>Nous avons donc relev\u00e9 le pari de remplir enti\u00e8rement la salle municipale, avec un \u00e9cran 10m x 6m d\u00e9ploy\u00e9, une double vid\u00e9o projection pour obtenir l&#8217;image la plus grande possible. C&#8217;est la meilleure solution avec les contraintes du lieu (poutres basses, tribunes, ombres des musiciens, &#8230;), plut\u00f4t qu&#8217;une diffusion du fond de salle.<\/p>\n\n\n\n<p>Pour la captation sonore, nous avons mis en place un couple de micros num\u00e9riques Neumann (KM 184 D), avec des rattrapages individuels (TLM 103, KM 184, C414, C451B). Cela permet d&#8217;avoir un renfort discret et un rendu tr\u00e8s acoustique.<\/p>\n\n\n\n<figure class=\"wp-block-image\"><img data-opt-id=1934105526  data-opt-src=\"https:\/\/mlpbnbifhtdl.i.optimole.com\/cb:Cy3u.b2dd\/w:1024\/h:576\/q:mauto\/g:sm\/f:best\/http:\/\/dcievent.com\/wp-content\/uploads\/2019\/10\/20190427_193449.jpg\"  decoding=\"async\" width=\"1024\" height=\"576\" src=\"data:image/svg+xml,%3Csvg%20viewBox%3D%220%200%201024%20576%22%20width%3D%221024%22%20height%3D%22576%22%20xmlns%3D%22http%3A%2F%2Fwww.w3.org%2F2000%2Fsvg%22%3E%3Crect%20width%3D%221024%22%20height%3D%22576%22%20fill%3D%22transparent%22%2F%3E%3C%2Fsvg%3E\" alt=\"nafarroaren eguna 2019 basaizea\" class=\"wp-image-1964\" old-srcset=\"https:\/\/mlpbnbifhtdl.i.optimole.com\/cb:Cy3u.b2dd\/w:1024\/h:576\/q:mauto\/g:sm\/f:best\/https:\/\/dcievent.com\/wp-content\/uploads\/2019\/10\/cine-concert-nafarroaren-eguna-the-kid-video-projection-prise-de-son-sonorisation-DCI-event.jpg 1024w, https:\/\/mlpbnbifhtdl.i.optimole.com\/cb:Cy3u.b2dd\/w:300\/h:169\/q:mauto\/g:sm\/f:best\/https:\/\/dcievent.com\/wp-content\/uploads\/2019\/10\/cine-concert-nafarroaren-eguna-the-kid-video-projection-prise-de-son-sonorisation-DCI-event.jpg 300w, https:\/\/mlpbnbifhtdl.i.optimole.com\/cb:Cy3u.b2dd\/w:768\/h:432\/q:mauto\/g:sm\/f:best\/https:\/\/dcievent.com\/wp-content\/uploads\/2019\/10\/cine-concert-nafarroaren-eguna-the-kid-video-projection-prise-de-son-sonorisation-DCI-event.jpg 768w, https:\/\/mlpbnbifhtdl.i.optimole.com\/cb:Cy3u.b2dd\/w:1080\/h:608\/q:mauto\/g:sm\/f:best\/https:\/\/dcievent.com\/wp-content\/uploads\/2019\/10\/cine-concert-nafarroaren-eguna-the-kid-video-projection-prise-de-son-sonorisation-DCI-event.jpg 1080w\" \/><figcaption>Musiciens en live pour le film<\/figcaption><\/figure>\n\n\n\n<p><\/p>\n","protected":false},"excerpt":{"rendered":"<p>A l&#8217;occasion de Nafarroaren Eguna &#8211; la journ\u00e9e de la Navarre &#8211; nous avons \u00e9t\u00e9 sollicit\u00e9s pour mettre en place la partie technique son, lumi\u00e8res et vid\u00e9o d&#8217;un cin\u00e9-concert. Comme &#8230;<\/p>\n","protected":false},"author":1,"featured_media":1963,"comment_status":"closed","ping_status":"closed","sticky":false,"template":"","format":"standard","meta":{"footnotes":""},"categories":[8,48],"tags":[],"class_list":["post-1949","post","type-post","status-publish","format-standard","has-post-thumbnail","hentry","category-concert","category-video"],"yoast_head":"<!-- This site is optimized with the Yoast SEO plugin v27.5 - https:\/\/yoast.com\/product\/yoast-seo-wordpress\/ -->\n<title>Cin\u00e9-concert - Nafarroren Eguna - 2019 - DCI Event - Prestataire Technique Audiovisuel<\/title>\n<meta name=\"description\" content=\"Prestation technique \u00e9v\u00e9nementielle pour un cin\u00e9-concert : prise de son en live des musiciens avec diffusion sono et vid\u00e9o, au Pays Basque\" \/>\n<meta name=\"robots\" content=\"index, follow, max-snippet:-1, max-image-preview:large, max-video-preview:-1\" \/>\n<link rel=\"canonical\" href=\"https:\/\/dcievent.com\/index.php\/2019\/04\/30\/cine-concert\/\" \/>\n<meta property=\"og:locale\" content=\"fr_FR\" \/>\n<meta property=\"og:type\" content=\"article\" \/>\n<meta property=\"og:title\" content=\"Cin\u00e9-concert - Nafarroren Eguna - 2019 - DCI Event - Prestataire Technique Audiovisuel\" \/>\n<meta property=\"og:description\" content=\"Prestation technique \u00e9v\u00e9nementielle pour un cin\u00e9-concert : prise de son en live des musiciens avec diffusion sono et vid\u00e9o, au Pays Basque\" \/>\n<meta property=\"og:url\" content=\"https:\/\/dcievent.com\/index.php\/2019\/04\/30\/cine-concert\/\" \/>\n<meta property=\"og:site_name\" content=\"DCI Event - Prestataire Technique Audiovisuel\" \/>\n<meta property=\"article:publisher\" content=\"http:\/\/www.facebook.com\/dcievent\" \/>\n<meta property=\"article:published_time\" content=\"2019-04-30T13:01:22+00:00\" \/>\n<meta property=\"article:modified_time\" content=\"2020-11-06T11:14:57+00:00\" \/>\n<meta property=\"og:image\" content=\"https:\/\/mlpbnbifhtdl.i.optimole.com\/cb:Cy3u.b2dd\/w:auto\/h:auto\/q:mauto\/g:sm\/f:best\/https:\/\/dcievent.com\/wp-content\/uploads\/2019\/10\/baigorry-orchestre-classisque-video-sonorisation-prestataire-technique-evenementiel-DCI-event.jpg\" \/>\n\t<meta property=\"og:image:width\" content=\"1080\" \/>\n\t<meta property=\"og:image:height\" content=\"608\" \/>\n\t<meta property=\"og:image:type\" content=\"image\/jpeg\" \/>\n<meta name=\"author\" content=\"Xabi\" \/>\n<meta name=\"twitter:card\" content=\"summary_large_image\" \/>\n<meta name=\"twitter:label1\" content=\"\u00c9crit par\" \/>\n\t<meta name=\"twitter:data1\" content=\"Xabi\" \/>\n\t<meta name=\"twitter:label2\" content=\"Dur\u00e9e de lecture estim\u00e9e\" \/>\n\t<meta name=\"twitter:data2\" content=\"1 minute\" \/>\n<script type=\"application\/ld+json\" class=\"yoast-schema-graph\">{\"@context\":\"https:\\\/\\\/schema.org\",\"@graph\":[{\"@type\":\"Article\",\"@id\":\"https:\\\/\\\/dcievent.com\\\/index.php\\\/2019\\\/04\\\/30\\\/cine-concert\\\/#article\",\"isPartOf\":{\"@id\":\"https:\\\/\\\/dcievent.com\\\/index.php\\\/2019\\\/04\\\/30\\\/cine-concert\\\/\"},\"author\":{\"name\":\"Xabi\",\"@id\":\"https:\\\/\\\/dcievent.com\\\/#\\\/schema\\\/person\\\/786a6bd7924d8a08fe637749e17581df\"},\"headline\":\"Cin\u00e9-concert &#8211; Nafarroren Eguna &#8211; 2019\",\"datePublished\":\"2019-04-30T13:01:22+00:00\",\"dateModified\":\"2020-11-06T11:14:57+00:00\",\"mainEntityOfPage\":{\"@id\":\"https:\\\/\\\/dcievent.com\\\/index.php\\\/2019\\\/04\\\/30\\\/cine-concert\\\/\"},\"wordCount\":217,\"publisher\":{\"@id\":\"https:\\\/\\\/dcievent.com\\\/#organization\"},\"image\":{\"@id\":\"https:\\\/\\\/dcievent.com\\\/index.php\\\/2019\\\/04\\\/30\\\/cine-concert\\\/#primaryimage\"},\"thumbnailUrl\":\"https:\\/\\/dcievent.com\\/wp-content\\/uploads\\/2019\\/10\\/baigorry-orchestre-classisque-video-sonorisation-prestataire-technique-evenementiel-DCI-event.jpg\",\"articleSection\":[\"Concert\",\"Vid\u00e9o\"],\"inLanguage\":\"fr-FR\"},{\"@type\":\"WebPage\",\"@id\":\"https:\\\/\\\/dcievent.com\\\/index.php\\\/2019\\\/04\\\/30\\\/cine-concert\\\/\",\"url\":\"https:\\\/\\\/dcievent.com\\\/index.php\\\/2019\\\/04\\\/30\\\/cine-concert\\\/\",\"name\":\"Cin\u00e9-concert - Nafarroren Eguna - 2019 - DCI Event - Prestataire Technique Audiovisuel\",\"isPartOf\":{\"@id\":\"https:\\\/\\\/dcievent.com\\\/#website\"},\"primaryImageOfPage\":{\"@id\":\"https:\\\/\\\/dcievent.com\\\/index.php\\\/2019\\\/04\\\/30\\\/cine-concert\\\/#primaryimage\"},\"image\":{\"@id\":\"https:\\\/\\\/dcievent.com\\\/index.php\\\/2019\\\/04\\\/30\\\/cine-concert\\\/#primaryimage\"},\"thumbnailUrl\":\"https:\\/\\/dcievent.com\\/wp-content\\/uploads\\/2019\\/10\\/baigorry-orchestre-classisque-video-sonorisation-prestataire-technique-evenementiel-DCI-event.jpg\",\"datePublished\":\"2019-04-30T13:01:22+00:00\",\"dateModified\":\"2020-11-06T11:14:57+00:00\",\"description\":\"Prestation technique \u00e9v\u00e9nementielle pour un cin\u00e9-concert : prise de son en live des musiciens avec diffusion sono et vid\u00e9o, au Pays Basque\",\"breadcrumb\":{\"@id\":\"https:\\\/\\\/dcievent.com\\\/index.php\\\/2019\\\/04\\\/30\\\/cine-concert\\\/#breadcrumb\"},\"inLanguage\":\"fr-FR\",\"potentialAction\":[{\"@type\":\"ReadAction\",\"target\":[\"https:\\\/\\\/dcievent.com\\\/index.php\\\/2019\\\/04\\\/30\\\/cine-concert\\\/\"]}]},{\"@type\":\"ImageObject\",\"inLanguage\":\"fr-FR\",\"@id\":\"https:\\\/\\\/dcievent.com\\\/index.php\\\/2019\\\/04\\\/30\\\/cine-concert\\\/#primaryimage\",\"url\":\"https:\\/\\/dcievent.com\\/wp-content\\/uploads\\/2019\\/10\\/baigorry-orchestre-classisque-video-sonorisation-prestataire-technique-evenementiel-DCI-event.jpg\",\"contentUrl\":\"https:\\/\\/dcievent.com\\/wp-content\\/uploads\\/2019\\/10\\/baigorry-orchestre-classisque-video-sonorisation-prestataire-technique-evenementiel-DCI-event.jpg\",\"width\":1080,\"height\":608,\"caption\":\"captation live micro num\u00e9rique KM184 TLM103\"},{\"@type\":\"BreadcrumbList\",\"@id\":\"https:\\\/\\\/dcievent.com\\\/index.php\\\/2019\\\/04\\\/30\\\/cine-concert\\\/#breadcrumb\",\"itemListElement\":[{\"@type\":\"ListItem\",\"position\":1,\"name\":\"Accueil\",\"item\":\"https:\\\/\\\/dcievent.com\\\/\"},{\"@type\":\"ListItem\",\"position\":2,\"name\":\"Cin\u00e9-concert &#8211; Nafarroren Eguna &#8211; 2019\"}]},{\"@type\":\"WebSite\",\"@id\":\"https:\\\/\\\/dcievent.com\\\/#website\",\"url\":\"https:\\\/\\\/dcievent.com\\\/\",\"name\":\"DCI Event\",\"description\":\"Location sonorisation, int\u00e9grateur audiovisuel, r\u00e9gie technique de spectacle\",\"publisher\":{\"@id\":\"https:\\\/\\\/dcievent.com\\\/#organization\"},\"potentialAction\":[{\"@type\":\"SearchAction\",\"target\":{\"@type\":\"EntryPoint\",\"urlTemplate\":\"https:\\\/\\\/dcievent.com\\\/?s={search_term_string}\"},\"query-input\":{\"@type\":\"PropertyValueSpecification\",\"valueRequired\":true,\"valueName\":\"search_term_string\"}}],\"inLanguage\":\"fr-FR\"},{\"@type\":\"Organization\",\"@id\":\"https:\\\/\\\/dcievent.com\\\/#organization\",\"name\":\"DCI event\",\"url\":\"https:\\\/\\\/dcievent.com\\\/\",\"logo\":{\"@type\":\"ImageObject\",\"inLanguage\":\"fr-FR\",\"@id\":\"https:\\\/\\\/dcievent.com\\\/#\\\/schema\\\/logo\\\/image\\\/\",\"url\":\"https:\\/\\/dcievent.com\\/wp-content\\/uploads\\/2024\\/01\\/cropped-cropped-DCI_LogoEvent_CMJN_HD-scaled-1.jpg\",\"contentUrl\":\"https:\\/\\/dcievent.com\\/wp-content\\/uploads\\/2024\\/01\\/cropped-cropped-DCI_LogoEvent_CMJN_HD-scaled-1.jpg\",\"width\":512,\"height\":512,\"caption\":\"DCI event\"},\"image\":{\"@id\":\"https:\\\/\\\/dcievent.com\\\/#\\\/schema\\\/logo\\\/image\\\/\"},\"sameAs\":[\"http:\\\/\\\/www.facebook.com\\\/dcievent\",\"http:\\\/\\\/www.instagram.com\\\/dcievent\"]},{\"@type\":\"Person\",\"@id\":\"https:\\\/\\\/dcievent.com\\\/#\\\/schema\\\/person\\\/786a6bd7924d8a08fe637749e17581df\",\"name\":\"Xabi\",\"image\":{\"@type\":\"ImageObject\",\"inLanguage\":\"fr-FR\",\"@id\":\"https:\\\/\\\/secure.gravatar.com\\\/avatar\\\/edb7a485a3591918f7cc1c3a167ff2b013273a0f828af59e9d4e76c336add007?s=96&d=mm&r=g\",\"url\":\"https:\\\/\\\/secure.gravatar.com\\\/avatar\\\/edb7a485a3591918f7cc1c3a167ff2b013273a0f828af59e9d4e76c336add007?s=96&d=mm&r=g\",\"contentUrl\":\"https:\\\/\\\/secure.gravatar.com\\\/avatar\\\/edb7a485a3591918f7cc1c3a167ff2b013273a0f828af59e9d4e76c336add007?s=96&d=mm&r=g\",\"caption\":\"Xabi\"}}]}<\/script>\n<!-- \/ Yoast SEO plugin. -->","yoast_head_json":{"title":"Cin\u00e9-concert - Nafarroren Eguna - 2019 - DCI Event - Prestataire Technique Audiovisuel","description":"Prestation technique \u00e9v\u00e9nementielle pour un cin\u00e9-concert : prise de son en live des musiciens avec diffusion sono et vid\u00e9o, au Pays Basque","robots":{"index":"index","follow":"follow","max-snippet":"max-snippet:-1","max-image-preview":"max-image-preview:large","max-video-preview":"max-video-preview:-1"},"canonical":"https:\/\/dcievent.com\/index.php\/2019\/04\/30\/cine-concert\/","og_locale":"fr_FR","og_type":"article","og_title":"Cin\u00e9-concert - Nafarroren Eguna - 2019 - DCI Event - Prestataire Technique Audiovisuel","og_description":"Prestation technique \u00e9v\u00e9nementielle pour un cin\u00e9-concert : prise de son en live des musiciens avec diffusion sono et vid\u00e9o, au Pays Basque","og_url":"https:\/\/dcievent.com\/index.php\/2019\/04\/30\/cine-concert\/","og_site_name":"DCI Event - Prestataire Technique Audiovisuel","article_publisher":"http:\/\/www.facebook.com\/dcievent","article_published_time":"2019-04-30T13:01:22+00:00","article_modified_time":"2020-11-06T11:14:57+00:00","og_image":[{"width":1080,"height":608,"url":"https:\/\/mlpbnbifhtdl.i.optimole.com\/cb:Cy3u.b2dd\/w:auto\/h:auto\/q:mauto\/g:sm\/f:best\/https:\/\/dcievent.com\/wp-content\/uploads\/2019\/10\/baigorry-orchestre-classisque-video-sonorisation-prestataire-technique-evenementiel-DCI-event.jpg","type":"image\/jpeg"}],"author":"Xabi","twitter_card":"summary_large_image","twitter_misc":{"\u00c9crit par":"Xabi","Dur\u00e9e de lecture estim\u00e9e":"1 minute"},"schema":{"@context":"https:\/\/schema.org","@graph":[{"@type":"Article","@id":"https:\/\/dcievent.com\/index.php\/2019\/04\/30\/cine-concert\/#article","isPartOf":{"@id":"https:\/\/dcievent.com\/index.php\/2019\/04\/30\/cine-concert\/"},"author":{"name":"Xabi","@id":"https:\/\/dcievent.com\/#\/schema\/person\/786a6bd7924d8a08fe637749e17581df"},"headline":"Cin\u00e9-concert &#8211; Nafarroren Eguna &#8211; 2019","datePublished":"2019-04-30T13:01:22+00:00","dateModified":"2020-11-06T11:14:57+00:00","mainEntityOfPage":{"@id":"https:\/\/dcievent.com\/index.php\/2019\/04\/30\/cine-concert\/"},"wordCount":217,"publisher":{"@id":"https:\/\/dcievent.com\/#organization"},"image":{"@id":"https:\/\/dcievent.com\/index.php\/2019\/04\/30\/cine-concert\/#primaryimage"},"thumbnailUrl":"https:\/\/mlpbnbifhtdl.i.optimole.com\/cb:Cy3u.b2dd\/w:auto\/h:auto\/q:mauto\/g:sm\/f:best\/https:\/\/dcievent.com\/wp-content\/uploads\/2019\/10\/baigorry-orchestre-classisque-video-sonorisation-prestataire-technique-evenementiel-DCI-event.jpg","articleSection":["Concert","Vid\u00e9o"],"inLanguage":"fr-FR"},{"@type":"WebPage","@id":"https:\/\/dcievent.com\/index.php\/2019\/04\/30\/cine-concert\/","url":"https:\/\/dcievent.com\/index.php\/2019\/04\/30\/cine-concert\/","name":"Cin\u00e9-concert - Nafarroren Eguna - 2019 - DCI Event - Prestataire Technique Audiovisuel","isPartOf":{"@id":"https:\/\/dcievent.com\/#website"},"primaryImageOfPage":{"@id":"https:\/\/dcievent.com\/index.php\/2019\/04\/30\/cine-concert\/#primaryimage"},"image":{"@id":"https:\/\/dcievent.com\/index.php\/2019\/04\/30\/cine-concert\/#primaryimage"},"thumbnailUrl":"https:\/\/mlpbnbifhtdl.i.optimole.com\/cb:Cy3u.b2dd\/w:auto\/h:auto\/q:mauto\/g:sm\/f:best\/https:\/\/dcievent.com\/wp-content\/uploads\/2019\/10\/baigorry-orchestre-classisque-video-sonorisation-prestataire-technique-evenementiel-DCI-event.jpg","datePublished":"2019-04-30T13:01:22+00:00","dateModified":"2020-11-06T11:14:57+00:00","description":"Prestation technique \u00e9v\u00e9nementielle pour un cin\u00e9-concert : prise de son en live des musiciens avec diffusion sono et vid\u00e9o, au Pays Basque","breadcrumb":{"@id":"https:\/\/dcievent.com\/index.php\/2019\/04\/30\/cine-concert\/#breadcrumb"},"inLanguage":"fr-FR","potentialAction":[{"@type":"ReadAction","target":["https:\/\/dcievent.com\/index.php\/2019\/04\/30\/cine-concert\/"]}]},{"@type":"ImageObject","inLanguage":"fr-FR","@id":"https:\/\/dcievent.com\/index.php\/2019\/04\/30\/cine-concert\/#primaryimage","url":"https:\/\/mlpbnbifhtdl.i.optimole.com\/cb:Cy3u.b2dd\/w:auto\/h:auto\/q:mauto\/g:sm\/f:best\/https:\/\/dcievent.com\/wp-content\/uploads\/2019\/10\/baigorry-orchestre-classisque-video-sonorisation-prestataire-technique-evenementiel-DCI-event.jpg","contentUrl":"https:\/\/mlpbnbifhtdl.i.optimole.com\/cb:Cy3u.b2dd\/w:auto\/h:auto\/q:mauto\/g:sm\/f:best\/https:\/\/dcievent.com\/wp-content\/uploads\/2019\/10\/baigorry-orchestre-classisque-video-sonorisation-prestataire-technique-evenementiel-DCI-event.jpg","width":1080,"height":608,"caption":"captation live micro num\u00e9rique KM184 TLM103"},{"@type":"BreadcrumbList","@id":"https:\/\/dcievent.com\/index.php\/2019\/04\/30\/cine-concert\/#breadcrumb","itemListElement":[{"@type":"ListItem","position":1,"name":"Accueil","item":"https:\/\/dcievent.com\/"},{"@type":"ListItem","position":2,"name":"Cin\u00e9-concert &#8211; Nafarroren Eguna &#8211; 2019"}]},{"@type":"WebSite","@id":"https:\/\/dcievent.com\/#website","url":"https:\/\/dcievent.com\/","name":"DCI Event","description":"Location sonorisation, int\u00e9grateur audiovisuel, r\u00e9gie technique de spectacle","publisher":{"@id":"https:\/\/dcievent.com\/#organization"},"potentialAction":[{"@type":"SearchAction","target":{"@type":"EntryPoint","urlTemplate":"https:\/\/dcievent.com\/?s={search_term_string}"},"query-input":{"@type":"PropertyValueSpecification","valueRequired":true,"valueName":"search_term_string"}}],"inLanguage":"fr-FR"},{"@type":"Organization","@id":"https:\/\/dcievent.com\/#organization","name":"DCI event","url":"https:\/\/dcievent.com\/","logo":{"@type":"ImageObject","inLanguage":"fr-FR","@id":"https:\/\/dcievent.com\/#\/schema\/logo\/image\/","url":"https:\/\/mlpbnbifhtdl.i.optimole.com\/cb:Cy3u.b2dd\/w:auto\/h:auto\/q:mauto\/g:sm\/f:best\/https:\/\/dcievent.com\/wp-content\/uploads\/2024\/01\/cropped-cropped-DCI_LogoEvent_CMJN_HD-scaled-1.jpg","contentUrl":"https:\/\/mlpbnbifhtdl.i.optimole.com\/cb:Cy3u.b2dd\/w:auto\/h:auto\/q:mauto\/g:sm\/f:best\/https:\/\/dcievent.com\/wp-content\/uploads\/2024\/01\/cropped-cropped-DCI_LogoEvent_CMJN_HD-scaled-1.jpg","width":512,"height":512,"caption":"DCI event"},"image":{"@id":"https:\/\/dcievent.com\/#\/schema\/logo\/image\/"},"sameAs":["http:\/\/www.facebook.com\/dcievent","http:\/\/www.instagram.com\/dcievent"]},{"@type":"Person","@id":"https:\/\/dcievent.com\/#\/schema\/person\/786a6bd7924d8a08fe637749e17581df","name":"Xabi","image":{"@type":"ImageObject","inLanguage":"fr-FR","@id":"https:\/\/secure.gravatar.com\/avatar\/edb7a485a3591918f7cc1c3a167ff2b013273a0f828af59e9d4e76c336add007?s=96&d=mm&r=g","url":"https:\/\/secure.gravatar.com\/avatar\/edb7a485a3591918f7cc1c3a167ff2b013273a0f828af59e9d4e76c336add007?s=96&d=mm&r=g","contentUrl":"https:\/\/secure.gravatar.com\/avatar\/edb7a485a3591918f7cc1c3a167ff2b013273a0f828af59e9d4e76c336add007?s=96&d=mm&r=g","caption":"Xabi"}}]}},"_links":{"self":[{"href":"https:\/\/dcievent.com\/index.php\/wp-json\/wp\/v2\/posts\/1949","targetHints":{"allow":["GET"]}}],"collection":[{"href":"https:\/\/dcievent.com\/index.php\/wp-json\/wp\/v2\/posts"}],"about":[{"href":"https:\/\/dcievent.com\/index.php\/wp-json\/wp\/v2\/types\/post"}],"author":[{"embeddable":true,"href":"https:\/\/dcievent.com\/index.php\/wp-json\/wp\/v2\/users\/1"}],"replies":[{"embeddable":true,"href":"https:\/\/dcievent.com\/index.php\/wp-json\/wp\/v2\/comments?post=1949"}],"version-history":[{"count":6,"href":"https:\/\/dcievent.com\/index.php\/wp-json\/wp\/v2\/posts\/1949\/revisions"}],"predecessor-version":[{"id":2381,"href":"https:\/\/dcievent.com\/index.php\/wp-json\/wp\/v2\/posts\/1949\/revisions\/2381"}],"wp:featuredmedia":[{"embeddable":true,"href":"https:\/\/dcievent.com\/index.php\/wp-json\/wp\/v2\/media\/1963"}],"wp:attachment":[{"href":"https:\/\/dcievent.com\/index.php\/wp-json\/wp\/v2\/media?parent=1949"}],"wp:term":[{"taxonomy":"category","embeddable":true,"href":"https:\/\/dcievent.com\/index.php\/wp-json\/wp\/v2\/categories?post=1949"},{"taxonomy":"post_tag","embeddable":true,"href":"https:\/\/dcievent.com\/index.php\/wp-json\/wp\/v2\/tags?post=1949"}],"curies":[{"name":"wp","href":"https:\/\/api.w.org\/{rel}","templated":true}]}}