{"id":1791,"date":"2018-10-04T12:37:16","date_gmt":"2018-10-04T10:37:16","guid":{"rendered":"http:\/\/dcievent.com\/?p=1791"},"modified":"2020-11-06T12:20:37","modified_gmt":"2020-11-06T11:20:37","slug":"prestations","status":"publish","type":"post","link":"https:\/\/dcievent.com\/index.php\/2018\/10\/04\/prestations\/","title":{"rendered":"La f\u00eate, les prestas, l&#8217;\u00e9t\u00e9 !"},"content":{"rendered":"<h2>Une rapide r\u00e9trospective des prestations l&#8217;\u00e9t\u00e9<\/h2>\n<p>Le gros des prestations de l&#8217;\u00e9t\u00e9 est aujourd&#8217;hui pass\u00e9, on vous propose donc quelques photos illustrant ces \u00e9v\u00e9nements organis\u00e9s par les comit\u00e9s des f\u00eates, mairies, associations, entreprises&#8230;<\/p>\n<p>On ne va pas s&#8217;\u00e9taler trop longtemps avec du texte, et vous laisser avec ces quelques photos r\u00e9sumant mieux que des mots quelques uns de nos \u00e9v\u00e9nements audiovisuels !<\/p>\n<p>A tr\u00e8s vite.<\/p>\n<p><img data-opt-id=1358177087  fetchpriority=\"high\" decoding=\"async\" class=\"aligncenter size-large wp-image-1799\" src=\"https:\/\/mlpbnbifhtdl.i.optimole.com\/cb:Cy3u.b2dd\/w:1024\/h:768\/q:mauto\/g:sm\/f:best\/http:\/\/dcievent.com\/wp-content\/uploads\/2018\/10\/20180929_233531.jpg\" alt=\"Yamaha CL5, dante, RJ45, Martin MPC Elation concert spectacle conf\u00e9rence\" width=\"800\" height=\"600\" srcset=\"https:\/\/mlpbnbifhtdl.i.optimole.com\/cb:Cy3u.b2dd\/w:1024\/h:768\/q:mauto\/g:sm\/f:best\/https:\/\/dcievent.com\/wp-content\/uploads\/2018\/10\/regie-facade-spectacle-son-lumiere.jpg 1024w, https:\/\/mlpbnbifhtdl.i.optimole.com\/cb:Cy3u.b2dd\/w:300\/h:225\/q:mauto\/g:sm\/f:best\/https:\/\/dcievent.com\/wp-content\/uploads\/2018\/10\/regie-facade-spectacle-son-lumiere.jpg 300w, https:\/\/mlpbnbifhtdl.i.optimole.com\/cb:Cy3u.b2dd\/w:768\/h:576\/q:mauto\/g:sm\/f:best\/https:\/\/dcievent.com\/wp-content\/uploads\/2018\/10\/regie-facade-spectacle-son-lumiere.jpg 768w, https:\/\/mlpbnbifhtdl.i.optimole.com\/cb:Cy3u.b2dd\/w:1080\/h:810\/q:mauto\/g:sm\/f:best\/https:\/\/dcievent.com\/wp-content\/uploads\/2018\/10\/regie-facade-spectacle-son-lumiere.jpg 1080w\" sizes=\"(max-width: 800px) 100vw, 800px\" \/> <img data-opt-id=1365252136  data-opt-src=\"https:\/\/mlpbnbifhtdl.i.optimole.com\/cb:Cy3u.b2dd\/w:1024\/h:576\/q:mauto\/g:sm\/f:best\/http:\/\/dcievent.com\/wp-content\/uploads\/2018\/10\/P_20180621_200443.jpg\"  decoding=\"async\" class=\"aligncenter size-large wp-image-1798\" src=\"data:image/svg+xml,%3Csvg%20viewBox%3D%220%200%201024%20576%22%20width%3D%221024%22%20height%3D%22576%22%20xmlns%3D%22http%3A%2F%2Fwww.w3.org%2F2000%2Fsvg%22%3E%3Crect%20width%3D%221024%22%20height%3D%22576%22%20fill%3D%22transparent%22%2F%3E%3C%2Fsvg%3E\" alt=\"chorale, sc\u00e8ne, lacoustics, 115XT, ps10, par LED\" width=\"800\" height=\"450\" old-srcset=\"https:\/\/mlpbnbifhtdl.i.optimole.com\/cb:Cy3u.b2dd\/w:1024\/h:576\/q:mauto\/g:sm\/f:best\/https:\/\/dcievent.com\/wp-content\/uploads\/2018\/10\/fete-de-la-musique-bayonne-2018.jpg 1024w, https:\/\/mlpbnbifhtdl.i.optimole.com\/cb:Cy3u.b2dd\/w:300\/h:169\/q:mauto\/g:sm\/f:best\/https:\/\/dcievent.com\/wp-content\/uploads\/2018\/10\/fete-de-la-musique-bayonne-2018.jpg 300w, https:\/\/mlpbnbifhtdl.i.optimole.com\/cb:Cy3u.b2dd\/w:768\/h:432\/q:mauto\/g:sm\/f:best\/https:\/\/dcievent.com\/wp-content\/uploads\/2018\/10\/fete-de-la-musique-bayonne-2018.jpg 768w, https:\/\/mlpbnbifhtdl.i.optimole.com\/cb:Cy3u.b2dd\/w:1080\/h:608\/q:mauto\/g:sm\/f:best\/https:\/\/dcievent.com\/wp-content\/uploads\/2018\/10\/fete-de-la-musique-bayonne-2018.jpg 1080w\" \/> <img data-opt-id=1521681519  data-opt-src=\"https:\/\/mlpbnbifhtdl.i.optimole.com\/cb:Cy3u.b2dd\/w:1024\/h:576\/q:mauto\/g:sm\/f:best\/http:\/\/dcievent.com\/wp-content\/uploads\/2018\/10\/37179074_10217129536052139_3513933098154721280_n.jpg\"  decoding=\"async\" class=\"aligncenter size-large wp-image-1797\" src=\"data:image/svg+xml,%3Csvg%20viewBox%3D%220%200%201024%20576%22%20width%3D%221024%22%20height%3D%22576%22%20xmlns%3D%22http%3A%2F%2Fwww.w3.org%2F2000%2Fsvg%22%3E%3Crect%20width%3D%221024%22%20height%3D%22576%22%20fill%3D%22transparent%22%2F%3E%3C%2Fsvg%3E\" alt=\"location \u00e9cran g\u00e9ant LED plein jour 15m3 5x3 diffusion match\" width=\"800\" height=\"450\" old-srcset=\"https:\/\/mlpbnbifhtdl.i.optimole.com\/cb:Cy3u.b2dd\/w:1024\/h:576\/q:mauto\/g:sm\/f:best\/https:\/\/dcievent.com\/wp-content\/uploads\/2018\/10\/finale-coupe-du-monde-2018-hendaye.jpg 1024w, https:\/\/mlpbnbifhtdl.i.optimole.com\/cb:Cy3u.b2dd\/w:300\/h:169\/q:mauto\/g:sm\/f:best\/https:\/\/dcievent.com\/wp-content\/uploads\/2018\/10\/finale-coupe-du-monde-2018-hendaye.jpg 300w, https:\/\/mlpbnbifhtdl.i.optimole.com\/cb:Cy3u.b2dd\/w:768\/h:432\/q:mauto\/g:sm\/f:best\/https:\/\/dcievent.com\/wp-content\/uploads\/2018\/10\/finale-coupe-du-monde-2018-hendaye.jpg 768w, https:\/\/mlpbnbifhtdl.i.optimole.com\/cb:Cy3u.b2dd\/w:1080\/h:608\/q:mauto\/g:sm\/f:best\/https:\/\/dcievent.com\/wp-content\/uploads\/2018\/10\/finale-coupe-du-monde-2018-hendaye.jpg 1080w\" \/><\/p>\n<p><img data-opt-id=1440301752  data-opt-src=\"https:\/\/mlpbnbifhtdl.i.optimole.com\/cb:Cy3u.b2dd\/w:1024\/h:768\/q:mauto\/g:sm\/f:best\/http:\/\/dcievent.com\/wp-content\/uploads\/2018\/10\/27708091_10215739577704049_870997237_o.jpg\"  decoding=\"async\" class=\"size-large wp-image-1796\" src=\"data:image/svg+xml,%3Csvg%20viewBox%3D%220%200%201024%20768%22%20width%3D%221024%22%20height%3D%22768%22%20xmlns%3D%22http%3A%2F%2Fwww.w3.org%2F2000%2Fsvg%22%3E%3Crect%20width%3D%221024%22%20height%3D%22768%22%20fill%3D%22transparent%22%2F%3E%3C%2Fsvg%3E\" alt=\"\u00e9clairage LED ambiance stade piscine sport\" width=\"800\" height=\"600\" old-srcset=\"https:\/\/mlpbnbifhtdl.i.optimole.com\/cb:Cy3u.b2dd\/w:1024\/h:768\/q:mauto\/g:sm\/f:best\/https:\/\/dcievent.com\/wp-content\/uploads\/2018\/10\/eclairage-et-structure-piscine-saint-jean-de-luz.jpg 1024w, https:\/\/mlpbnbifhtdl.i.optimole.com\/cb:Cy3u.b2dd\/w:300\/h:225\/q:mauto\/g:sm\/f:best\/https:\/\/dcievent.com\/wp-content\/uploads\/2018\/10\/eclairage-et-structure-piscine-saint-jean-de-luz.jpg 300w, https:\/\/mlpbnbifhtdl.i.optimole.com\/cb:Cy3u.b2dd\/w:768\/h:576\/q:mauto\/g:sm\/f:best\/https:\/\/dcievent.com\/wp-content\/uploads\/2018\/10\/eclairage-et-structure-piscine-saint-jean-de-luz.jpg 768w, https:\/\/mlpbnbifhtdl.i.optimole.com\/cb:Cy3u.b2dd\/w:1080\/h:810\/q:mauto\/g:sm\/f:best\/https:\/\/dcievent.com\/wp-content\/uploads\/2018\/10\/eclairage-et-structure-piscine-saint-jean-de-luz.jpg 1080w\" \/><\/p>\n<p><img data-opt-id=1003082228  data-opt-src=\"https:\/\/mlpbnbifhtdl.i.optimole.com\/cb:Cy3u.b2dd\/w:1024\/h:768\/q:mauto\/g:sm\/f:best\/http:\/\/dcievent.com\/wp-content\/uploads\/2018\/10\/20180930_194033.jpg\"  decoding=\"async\" class=\"aligncenter size-large wp-image-1795\" src=\"data:image/svg+xml,%3Csvg%20viewBox%3D%220%200%201024%20768%22%20width%3D%221024%22%20height%3D%22768%22%20xmlns%3D%22http%3A%2F%2Fwww.w3.org%2F2000%2Fsvg%22%3E%3Crect%20width%3D%221024%22%20height%3D%22768%22%20fill%3D%22transparent%22%2F%3E%3C%2Fsvg%3E\" alt=\"CL5 Yamaha r\u00e9seau DANTE Martin MPC line array Beyma\" width=\"800\" height=\"600\" old-srcset=\"https:\/\/mlpbnbifhtdl.i.optimole.com\/cb:Cy3u.b2dd\/w:1024\/h:768\/q:mauto\/g:sm\/f:best\/https:\/\/dcievent.com\/wp-content\/uploads\/2018\/10\/zu-ni-2018-niko-etchart-maialen-errotaberre-zubikoa-management.jpg 1024w, https:\/\/mlpbnbifhtdl.i.optimole.com\/cb:Cy3u.b2dd\/w:300\/h:225\/q:mauto\/g:sm\/f:best\/https:\/\/dcievent.com\/wp-content\/uploads\/2018\/10\/zu-ni-2018-niko-etchart-maialen-errotaberre-zubikoa-management.jpg 300w, https:\/\/mlpbnbifhtdl.i.optimole.com\/cb:Cy3u.b2dd\/w:768\/h:576\/q:mauto\/g:sm\/f:best\/https:\/\/dcievent.com\/wp-content\/uploads\/2018\/10\/zu-ni-2018-niko-etchart-maialen-errotaberre-zubikoa-management.jpg 768w, https:\/\/mlpbnbifhtdl.i.optimole.com\/cb:Cy3u.b2dd\/w:1080\/h:810\/q:mauto\/g:sm\/f:best\/https:\/\/dcievent.com\/wp-content\/uploads\/2018\/10\/zu-ni-2018-niko-etchart-maialen-errotaberre-zubikoa-management.jpg 1080w\" \/><img data-opt-id=1200041752  data-opt-src=\"https:\/\/mlpbnbifhtdl.i.optimole.com\/cb:Cy3u.b2dd\/w:1024\/h:576\/q:mauto\/g:sm\/f:best\/http:\/\/dcievent.com\/wp-content\/uploads\/2018\/10\/20180629_225732.jpg\"  decoding=\"async\" class=\"aligncenter size-large wp-image-1801\" src=\"data:image/svg+xml,%3Csvg%20viewBox%3D%220%200%201024%20576%22%20width%3D%221024%22%20height%3D%22576%22%20xmlns%3D%22http%3A%2F%2Fwww.w3.org%2F2000%2Fsvg%22%3E%3Crect%20width%3D%221024%22%20height%3D%22576%22%20fill%3D%22transparent%22%2F%3E%3C%2Fsvg%3E\" alt=\"chapiteau concert sangria gratuite\" width=\"800\" height=\"450\" old-srcset=\"https:\/\/mlpbnbifhtdl.i.optimole.com\/cb:Cy3u.b2dd\/w:1024\/h:576\/q:mauto\/g:sm\/f:best\/https:\/\/dcievent.com\/wp-content\/uploads\/2018\/10\/concert-sous-chapiteau.jpg 1024w, https:\/\/mlpbnbifhtdl.i.optimole.com\/cb:Cy3u.b2dd\/w:300\/h:169\/q:mauto\/g:sm\/f:best\/https:\/\/dcievent.com\/wp-content\/uploads\/2018\/10\/concert-sous-chapiteau.jpg 300w, https:\/\/mlpbnbifhtdl.i.optimole.com\/cb:Cy3u.b2dd\/w:768\/h:432\/q:mauto\/g:sm\/f:best\/https:\/\/dcievent.com\/wp-content\/uploads\/2018\/10\/concert-sous-chapiteau.jpg 768w, https:\/\/mlpbnbifhtdl.i.optimole.com\/cb:Cy3u.b2dd\/w:1080\/h:608\/q:mauto\/g:sm\/f:best\/https:\/\/dcievent.com\/wp-content\/uploads\/2018\/10\/concert-sous-chapiteau.jpg 1080w\" \/><\/p>\n","protected":false},"excerpt":{"rendered":"<p>Une rapide r\u00e9trospective des prestations l&#8217;\u00e9t\u00e9 Le gros des prestations de l&#8217;\u00e9t\u00e9 est aujourd&#8217;hui pass\u00e9, on vous propose donc quelques photos illustrant ces \u00e9v\u00e9nements organis\u00e9s par les comit\u00e9s des f\u00eates, &#8230;<\/p>\n","protected":false},"author":1,"featured_media":1798,"comment_status":"closed","ping_status":"closed","sticky":false,"template":"","format":"standard","meta":{"footnotes":""},"categories":[8,116,11,9,48],"tags":[],"class_list":["post-1791","post","type-post","status-publish","format-standard","has-post-thumbnail","hentry","category-concert","category-danse","category-evenement-sportif","category-spectacle-vivant","category-video"],"yoast_head":"<!-- This site is optimized with the Yoast SEO plugin v27.5 - https:\/\/yoast.com\/product\/yoast-seo-wordpress\/ -->\n<title>La f\u00eate, les prestas, l&#039;\u00e9t\u00e9 ! Prestations \u00e9v\u00e9nementielles - DCI Event - Prestataire Technique Audiovisuel<\/title>\n<meta name=\"description\" content=\"Louez votre mat\u00e9riel audiovisuel pour des prestations concert, \u00e9v\u00e9nementiel, sport, corporate. A Bayonne, Anglet, Biarritz, Dax, Aquitaine\" \/>\n<meta name=\"robots\" content=\"index, follow, max-snippet:-1, max-image-preview:large, max-video-preview:-1\" \/>\n<link rel=\"canonical\" href=\"https:\/\/dcievent.com\/index.php\/2018\/10\/04\/prestations\/\" \/>\n<meta property=\"og:locale\" content=\"fr_FR\" \/>\n<meta property=\"og:type\" content=\"article\" \/>\n<meta property=\"og:title\" content=\"La f\u00eate, les prestas, l&#039;\u00e9t\u00e9 ! Prestations \u00e9v\u00e9nementielles - DCI Event - Prestataire Technique Audiovisuel\" \/>\n<meta property=\"og:description\" content=\"Louez votre mat\u00e9riel audiovisuel pour des prestations concert, \u00e9v\u00e9nementiel, sport, corporate. A Bayonne, Anglet, Biarritz, Dax, Aquitaine\" \/>\n<meta property=\"og:url\" content=\"https:\/\/dcievent.com\/index.php\/2018\/10\/04\/prestations\/\" \/>\n<meta property=\"og:site_name\" content=\"DCI Event - Prestataire Technique Audiovisuel\" \/>\n<meta property=\"article:publisher\" content=\"http:\/\/www.facebook.com\/dcievent\" \/>\n<meta property=\"article:published_time\" content=\"2018-10-04T10:37:16+00:00\" \/>\n<meta property=\"article:modified_time\" content=\"2020-11-06T11:20:37+00:00\" \/>\n<meta property=\"og:image\" content=\"https:\/\/mlpbnbifhtdl.i.optimole.com\/cb:Cy3u.b2dd\/w:auto\/h:auto\/q:mauto\/g:sm\/f:best\/https:\/\/dcievent.com\/wp-content\/uploads\/2018\/10\/fete-de-la-musique-bayonne-2018.jpg\" \/>\n\t<meta property=\"og:image:width\" content=\"1080\" \/>\n\t<meta property=\"og:image:height\" content=\"608\" \/>\n\t<meta property=\"og:image:type\" content=\"image\/jpeg\" \/>\n<meta name=\"author\" content=\"Xabi\" \/>\n<meta name=\"twitter:card\" content=\"summary_large_image\" \/>\n<meta name=\"twitter:label1\" content=\"\u00c9crit par\" \/>\n\t<meta name=\"twitter:data1\" content=\"Xabi\" \/>\n<script type=\"application\/ld+json\" class=\"yoast-schema-graph\">{\"@context\":\"https:\\\/\\\/schema.org\",\"@graph\":[{\"@type\":\"Article\",\"@id\":\"https:\\\/\\\/dcievent.com\\\/index.php\\\/2018\\\/10\\\/04\\\/prestations\\\/#article\",\"isPartOf\":{\"@id\":\"https:\\\/\\\/dcievent.com\\\/index.php\\\/2018\\\/10\\\/04\\\/prestations\\\/\"},\"author\":{\"name\":\"Xabi\",\"@id\":\"https:\\\/\\\/dcievent.com\\\/#\\\/schema\\\/person\\\/786a6bd7924d8a08fe637749e17581df\"},\"headline\":\"La f\u00eate, les prestas, l&#8217;\u00e9t\u00e9 !\",\"datePublished\":\"2018-10-04T10:37:16+00:00\",\"dateModified\":\"2020-11-06T11:20:37+00:00\",\"mainEntityOfPage\":{\"@id\":\"https:\\\/\\\/dcievent.com\\\/index.php\\\/2018\\\/10\\\/04\\\/prestations\\\/\"},\"wordCount\":83,\"publisher\":{\"@id\":\"https:\\\/\\\/dcievent.com\\\/#organization\"},\"image\":{\"@id\":\"https:\\\/\\\/dcievent.com\\\/index.php\\\/2018\\\/10\\\/04\\\/prestations\\\/#primaryimage\"},\"thumbnailUrl\":\"https:\\/\\/dcievent.com\\/wp-content\\/uploads\\/2018\\/10\\/fete-de-la-musique-bayonne-2018.jpg\",\"articleSection\":[\"Concert\",\"Danse\",\"Ev\u00e9nement sportif\",\"Spectacle vivant\",\"Vid\u00e9o\"],\"inLanguage\":\"fr-FR\"},{\"@type\":\"WebPage\",\"@id\":\"https:\\\/\\\/dcievent.com\\\/index.php\\\/2018\\\/10\\\/04\\\/prestations\\\/\",\"url\":\"https:\\\/\\\/dcievent.com\\\/index.php\\\/2018\\\/10\\\/04\\\/prestations\\\/\",\"name\":\"La f\u00eate, les prestas, l'\u00e9t\u00e9 ! Prestations \u00e9v\u00e9nementielles - DCI Event - Prestataire Technique Audiovisuel\",\"isPartOf\":{\"@id\":\"https:\\\/\\\/dcievent.com\\\/#website\"},\"primaryImageOfPage\":{\"@id\":\"https:\\\/\\\/dcievent.com\\\/index.php\\\/2018\\\/10\\\/04\\\/prestations\\\/#primaryimage\"},\"image\":{\"@id\":\"https:\\\/\\\/dcievent.com\\\/index.php\\\/2018\\\/10\\\/04\\\/prestations\\\/#primaryimage\"},\"thumbnailUrl\":\"https:\\/\\/dcievent.com\\/wp-content\\/uploads\\/2018\\/10\\/fete-de-la-musique-bayonne-2018.jpg\",\"datePublished\":\"2018-10-04T10:37:16+00:00\",\"dateModified\":\"2020-11-06T11:20:37+00:00\",\"description\":\"Louez votre mat\u00e9riel audiovisuel pour des prestations concert, \u00e9v\u00e9nementiel, sport, corporate. A Bayonne, Anglet, Biarritz, Dax, Aquitaine\",\"breadcrumb\":{\"@id\":\"https:\\\/\\\/dcievent.com\\\/index.php\\\/2018\\\/10\\\/04\\\/prestations\\\/#breadcrumb\"},\"inLanguage\":\"fr-FR\",\"potentialAction\":[{\"@type\":\"ReadAction\",\"target\":[\"https:\\\/\\\/dcievent.com\\\/index.php\\\/2018\\\/10\\\/04\\\/prestations\\\/\"]}]},{\"@type\":\"ImageObject\",\"inLanguage\":\"fr-FR\",\"@id\":\"https:\\\/\\\/dcievent.com\\\/index.php\\\/2018\\\/10\\\/04\\\/prestations\\\/#primaryimage\",\"url\":\"https:\\/\\/dcievent.com\\/wp-content\\/uploads\\/2018\\/10\\/fete-de-la-musique-bayonne-2018.jpg\",\"contentUrl\":\"https:\\/\\/dcievent.com\\/wp-content\\/uploads\\/2018\\/10\\/fete-de-la-musique-bayonne-2018.jpg\",\"width\":1080,\"height\":608,\"caption\":\"chorale, sc\u00e8ne, lacoustics, 115XT, ps10, par LED\"},{\"@type\":\"BreadcrumbList\",\"@id\":\"https:\\\/\\\/dcievent.com\\\/index.php\\\/2018\\\/10\\\/04\\\/prestations\\\/#breadcrumb\",\"itemListElement\":[{\"@type\":\"ListItem\",\"position\":1,\"name\":\"Accueil\",\"item\":\"https:\\\/\\\/dcievent.com\\\/\"},{\"@type\":\"ListItem\",\"position\":2,\"name\":\"La f\u00eate, les prestas, l&#8217;\u00e9t\u00e9 !\"}]},{\"@type\":\"WebSite\",\"@id\":\"https:\\\/\\\/dcievent.com\\\/#website\",\"url\":\"https:\\\/\\\/dcievent.com\\\/\",\"name\":\"DCI Event\",\"description\":\"Location sonorisation, int\u00e9grateur audiovisuel, r\u00e9gie technique de spectacle\",\"publisher\":{\"@id\":\"https:\\\/\\\/dcievent.com\\\/#organization\"},\"potentialAction\":[{\"@type\":\"SearchAction\",\"target\":{\"@type\":\"EntryPoint\",\"urlTemplate\":\"https:\\\/\\\/dcievent.com\\\/?s={search_term_string}\"},\"query-input\":{\"@type\":\"PropertyValueSpecification\",\"valueRequired\":true,\"valueName\":\"search_term_string\"}}],\"inLanguage\":\"fr-FR\"},{\"@type\":\"Organization\",\"@id\":\"https:\\\/\\\/dcievent.com\\\/#organization\",\"name\":\"DCI event\",\"url\":\"https:\\\/\\\/dcievent.com\\\/\",\"logo\":{\"@type\":\"ImageObject\",\"inLanguage\":\"fr-FR\",\"@id\":\"https:\\\/\\\/dcievent.com\\\/#\\\/schema\\\/logo\\\/image\\\/\",\"url\":\"https:\\/\\/dcievent.com\\/wp-content\\/uploads\\/2024\\/01\\/cropped-cropped-DCI_LogoEvent_CMJN_HD-scaled-1.jpg\",\"contentUrl\":\"https:\\/\\/dcievent.com\\/wp-content\\/uploads\\/2024\\/01\\/cropped-cropped-DCI_LogoEvent_CMJN_HD-scaled-1.jpg\",\"width\":512,\"height\":512,\"caption\":\"DCI event\"},\"image\":{\"@id\":\"https:\\\/\\\/dcievent.com\\\/#\\\/schema\\\/logo\\\/image\\\/\"},\"sameAs\":[\"http:\\\/\\\/www.facebook.com\\\/dcievent\",\"http:\\\/\\\/www.instagram.com\\\/dcievent\"]},{\"@type\":\"Person\",\"@id\":\"https:\\\/\\\/dcievent.com\\\/#\\\/schema\\\/person\\\/786a6bd7924d8a08fe637749e17581df\",\"name\":\"Xabi\",\"image\":{\"@type\":\"ImageObject\",\"inLanguage\":\"fr-FR\",\"@id\":\"https:\\\/\\\/secure.gravatar.com\\\/avatar\\\/edb7a485a3591918f7cc1c3a167ff2b013273a0f828af59e9d4e76c336add007?s=96&d=mm&r=g\",\"url\":\"https:\\\/\\\/secure.gravatar.com\\\/avatar\\\/edb7a485a3591918f7cc1c3a167ff2b013273a0f828af59e9d4e76c336add007?s=96&d=mm&r=g\",\"contentUrl\":\"https:\\\/\\\/secure.gravatar.com\\\/avatar\\\/edb7a485a3591918f7cc1c3a167ff2b013273a0f828af59e9d4e76c336add007?s=96&d=mm&r=g\",\"caption\":\"Xabi\"}}]}<\/script>\n<!-- \/ Yoast SEO plugin. -->","yoast_head_json":{"title":"La f\u00eate, les prestas, l'\u00e9t\u00e9 ! Prestations \u00e9v\u00e9nementielles - DCI Event - Prestataire Technique Audiovisuel","description":"Louez votre mat\u00e9riel audiovisuel pour des prestations concert, \u00e9v\u00e9nementiel, sport, corporate. A Bayonne, Anglet, Biarritz, Dax, Aquitaine","robots":{"index":"index","follow":"follow","max-snippet":"max-snippet:-1","max-image-preview":"max-image-preview:large","max-video-preview":"max-video-preview:-1"},"canonical":"https:\/\/dcievent.com\/index.php\/2018\/10\/04\/prestations\/","og_locale":"fr_FR","og_type":"article","og_title":"La f\u00eate, les prestas, l'\u00e9t\u00e9 ! Prestations \u00e9v\u00e9nementielles - DCI Event - Prestataire Technique Audiovisuel","og_description":"Louez votre mat\u00e9riel audiovisuel pour des prestations concert, \u00e9v\u00e9nementiel, sport, corporate. A Bayonne, Anglet, Biarritz, Dax, Aquitaine","og_url":"https:\/\/dcievent.com\/index.php\/2018\/10\/04\/prestations\/","og_site_name":"DCI Event - Prestataire Technique Audiovisuel","article_publisher":"http:\/\/www.facebook.com\/dcievent","article_published_time":"2018-10-04T10:37:16+00:00","article_modified_time":"2020-11-06T11:20:37+00:00","og_image":[{"width":1080,"height":608,"url":"https:\/\/mlpbnbifhtdl.i.optimole.com\/cb:Cy3u.b2dd\/w:auto\/h:auto\/q:mauto\/g:sm\/f:best\/https:\/\/dcievent.com\/wp-content\/uploads\/2018\/10\/fete-de-la-musique-bayonne-2018.jpg","type":"image\/jpeg"}],"author":"Xabi","twitter_card":"summary_large_image","twitter_misc":{"\u00c9crit par":"Xabi"},"schema":{"@context":"https:\/\/schema.org","@graph":[{"@type":"Article","@id":"https:\/\/dcievent.com\/index.php\/2018\/10\/04\/prestations\/#article","isPartOf":{"@id":"https:\/\/dcievent.com\/index.php\/2018\/10\/04\/prestations\/"},"author":{"name":"Xabi","@id":"https:\/\/dcievent.com\/#\/schema\/person\/786a6bd7924d8a08fe637749e17581df"},"headline":"La f\u00eate, les prestas, l&#8217;\u00e9t\u00e9 !","datePublished":"2018-10-04T10:37:16+00:00","dateModified":"2020-11-06T11:20:37+00:00","mainEntityOfPage":{"@id":"https:\/\/dcievent.com\/index.php\/2018\/10\/04\/prestations\/"},"wordCount":83,"publisher":{"@id":"https:\/\/dcievent.com\/#organization"},"image":{"@id":"https:\/\/dcievent.com\/index.php\/2018\/10\/04\/prestations\/#primaryimage"},"thumbnailUrl":"https:\/\/mlpbnbifhtdl.i.optimole.com\/cb:Cy3u.b2dd\/w:auto\/h:auto\/q:mauto\/g:sm\/f:best\/https:\/\/dcievent.com\/wp-content\/uploads\/2018\/10\/fete-de-la-musique-bayonne-2018.jpg","articleSection":["Concert","Danse","Ev\u00e9nement sportif","Spectacle vivant","Vid\u00e9o"],"inLanguage":"fr-FR"},{"@type":"WebPage","@id":"https:\/\/dcievent.com\/index.php\/2018\/10\/04\/prestations\/","url":"https:\/\/dcievent.com\/index.php\/2018\/10\/04\/prestations\/","name":"La f\u00eate, les prestas, l'\u00e9t\u00e9 ! Prestations \u00e9v\u00e9nementielles - DCI Event - Prestataire Technique Audiovisuel","isPartOf":{"@id":"https:\/\/dcievent.com\/#website"},"primaryImageOfPage":{"@id":"https:\/\/dcievent.com\/index.php\/2018\/10\/04\/prestations\/#primaryimage"},"image":{"@id":"https:\/\/dcievent.com\/index.php\/2018\/10\/04\/prestations\/#primaryimage"},"thumbnailUrl":"https:\/\/mlpbnbifhtdl.i.optimole.com\/cb:Cy3u.b2dd\/w:auto\/h:auto\/q:mauto\/g:sm\/f:best\/https:\/\/dcievent.com\/wp-content\/uploads\/2018\/10\/fete-de-la-musique-bayonne-2018.jpg","datePublished":"2018-10-04T10:37:16+00:00","dateModified":"2020-11-06T11:20:37+00:00","description":"Louez votre mat\u00e9riel audiovisuel pour des prestations concert, \u00e9v\u00e9nementiel, sport, corporate. A Bayonne, Anglet, Biarritz, Dax, Aquitaine","breadcrumb":{"@id":"https:\/\/dcievent.com\/index.php\/2018\/10\/04\/prestations\/#breadcrumb"},"inLanguage":"fr-FR","potentialAction":[{"@type":"ReadAction","target":["https:\/\/dcievent.com\/index.php\/2018\/10\/04\/prestations\/"]}]},{"@type":"ImageObject","inLanguage":"fr-FR","@id":"https:\/\/dcievent.com\/index.php\/2018\/10\/04\/prestations\/#primaryimage","url":"https:\/\/mlpbnbifhtdl.i.optimole.com\/cb:Cy3u.b2dd\/w:auto\/h:auto\/q:mauto\/g:sm\/f:best\/https:\/\/dcievent.com\/wp-content\/uploads\/2018\/10\/fete-de-la-musique-bayonne-2018.jpg","contentUrl":"https:\/\/mlpbnbifhtdl.i.optimole.com\/cb:Cy3u.b2dd\/w:auto\/h:auto\/q:mauto\/g:sm\/f:best\/https:\/\/dcievent.com\/wp-content\/uploads\/2018\/10\/fete-de-la-musique-bayonne-2018.jpg","width":1080,"height":608,"caption":"chorale, sc\u00e8ne, lacoustics, 115XT, ps10, par LED"},{"@type":"BreadcrumbList","@id":"https:\/\/dcievent.com\/index.php\/2018\/10\/04\/prestations\/#breadcrumb","itemListElement":[{"@type":"ListItem","position":1,"name":"Accueil","item":"https:\/\/dcievent.com\/"},{"@type":"ListItem","position":2,"name":"La f\u00eate, les prestas, l&#8217;\u00e9t\u00e9 !"}]},{"@type":"WebSite","@id":"https:\/\/dcievent.com\/#website","url":"https:\/\/dcievent.com\/","name":"DCI Event","description":"Location sonorisation, int\u00e9grateur audiovisuel, r\u00e9gie technique de spectacle","publisher":{"@id":"https:\/\/dcievent.com\/#organization"},"potentialAction":[{"@type":"SearchAction","target":{"@type":"EntryPoint","urlTemplate":"https:\/\/dcievent.com\/?s={search_term_string}"},"query-input":{"@type":"PropertyValueSpecification","valueRequired":true,"valueName":"search_term_string"}}],"inLanguage":"fr-FR"},{"@type":"Organization","@id":"https:\/\/dcievent.com\/#organization","name":"DCI event","url":"https:\/\/dcievent.com\/","logo":{"@type":"ImageObject","inLanguage":"fr-FR","@id":"https:\/\/dcievent.com\/#\/schema\/logo\/image\/","url":"https:\/\/mlpbnbifhtdl.i.optimole.com\/cb:Cy3u.b2dd\/w:auto\/h:auto\/q:mauto\/g:sm\/f:best\/https:\/\/dcievent.com\/wp-content\/uploads\/2024\/01\/cropped-cropped-DCI_LogoEvent_CMJN_HD-scaled-1.jpg","contentUrl":"https:\/\/mlpbnbifhtdl.i.optimole.com\/cb:Cy3u.b2dd\/w:auto\/h:auto\/q:mauto\/g:sm\/f:best\/https:\/\/dcievent.com\/wp-content\/uploads\/2024\/01\/cropped-cropped-DCI_LogoEvent_CMJN_HD-scaled-1.jpg","width":512,"height":512,"caption":"DCI event"},"image":{"@id":"https:\/\/dcievent.com\/#\/schema\/logo\/image\/"},"sameAs":["http:\/\/www.facebook.com\/dcievent","http:\/\/www.instagram.com\/dcievent"]},{"@type":"Person","@id":"https:\/\/dcievent.com\/#\/schema\/person\/786a6bd7924d8a08fe637749e17581df","name":"Xabi","image":{"@type":"ImageObject","inLanguage":"fr-FR","@id":"https:\/\/secure.gravatar.com\/avatar\/edb7a485a3591918f7cc1c3a167ff2b013273a0f828af59e9d4e76c336add007?s=96&d=mm&r=g","url":"https:\/\/secure.gravatar.com\/avatar\/edb7a485a3591918f7cc1c3a167ff2b013273a0f828af59e9d4e76c336add007?s=96&d=mm&r=g","contentUrl":"https:\/\/secure.gravatar.com\/avatar\/edb7a485a3591918f7cc1c3a167ff2b013273a0f828af59e9d4e76c336add007?s=96&d=mm&r=g","caption":"Xabi"}}]}},"_links":{"self":[{"href":"https:\/\/dcievent.com\/index.php\/wp-json\/wp\/v2\/posts\/1791","targetHints":{"allow":["GET"]}}],"collection":[{"href":"https:\/\/dcievent.com\/index.php\/wp-json\/wp\/v2\/posts"}],"about":[{"href":"https:\/\/dcievent.com\/index.php\/wp-json\/wp\/v2\/types\/post"}],"author":[{"embeddable":true,"href":"https:\/\/dcievent.com\/index.php\/wp-json\/wp\/v2\/users\/1"}],"replies":[{"embeddable":true,"href":"https:\/\/dcievent.com\/index.php\/wp-json\/wp\/v2\/comments?post=1791"}],"version-history":[{"count":7,"href":"https:\/\/dcievent.com\/index.php\/wp-json\/wp\/v2\/posts\/1791\/revisions"}],"predecessor-version":[{"id":2384,"href":"https:\/\/dcievent.com\/index.php\/wp-json\/wp\/v2\/posts\/1791\/revisions\/2384"}],"wp:featuredmedia":[{"embeddable":true,"href":"https:\/\/dcievent.com\/index.php\/wp-json\/wp\/v2\/media\/1798"}],"wp:attachment":[{"href":"https:\/\/dcievent.com\/index.php\/wp-json\/wp\/v2\/media?parent=1791"}],"wp:term":[{"taxonomy":"category","embeddable":true,"href":"https:\/\/dcievent.com\/index.php\/wp-json\/wp\/v2\/categories?post=1791"},{"taxonomy":"post_tag","embeddable":true,"href":"https:\/\/dcievent.com\/index.php\/wp-json\/wp\/v2\/tags?post=1791"}],"curies":[{"name":"wp","href":"https:\/\/api.w.org\/{rel}","templated":true}]}}