{"id":1552,"date":"2017-08-03T12:47:11","date_gmt":"2017-08-03T10:47:11","guid":{"rendered":"http:\/\/www.dcievent.com\/?p=1552"},"modified":"2017-08-07T13:20:28","modified_gmt":"2017-08-07T11:20:28","slug":"fetes-de-bayonne-baionako-bestak-2017","status":"publish","type":"post","link":"https:\/\/dcievent.com\/index.php\/2017\/08\/03\/fetes-de-bayonne-baionako-bestak-2017\/","title":{"rendered":"F\u00eates de Bayonne &#8211; Baionako Bestak &#8211; 2017"},"content":{"rendered":"<h2>Place Patxa<\/h2>\n<p>5 jours de concerts en soir\u00e9e et animations en journ\u00e9e pour les f\u00eates de Bayonne. A la place Patxa, c&#8217;est le gaztexte de Bayonne qui organise tout (de la programmation des concerts, aux bars mont\u00e9s pour l&#8217;occasions, en passant par les repas du midi sur la place ou autres animations). Ils font appel \u00e0 DCI depuis 3 ans, le d\u00e9but de ce nouveau lieu de f\u00eate.<\/p>\n<figure id=\"attachment_1555\" aria-describedby=\"caption-attachment-1555\" style=\"width: 800px\" class=\"wp-caption aligncenter\"><img data-opt-id=1926599834  fetchpriority=\"high\" decoding=\"async\" class=\"size-large wp-image-1555\" src=\"https:\/\/mlpbnbifhtdl.i.optimole.com\/cb:Cy3u.b2dd\/w:1024\/h:576\/q:mauto\/g:sm\/f:best\/http:\/\/dcievent.com\/wp-content\/uploads\/2017\/08\/20170727_144409.jpg\" alt=\"animation place patxa f\u00eates de bayonne 2017 DCI\" width=\"800\" height=\"450\" srcset=\"https:\/\/mlpbnbifhtdl.i.optimole.com\/cb:Cy3u.b2dd\/w:1024\/h:1080\/q:mauto\/g:sm\/f:best\/https:\/\/dcievent.com\/wp-content\/uploads\/2017\/08\/F\u00eates%20de%20Bayonne%20place%20Patxa.jpg 1024w, https:\/\/mlpbnbifhtdl.i.optimole.com\/cb:Cy3u.b2dd\/w:300\/h:1080\/q:mauto\/g:sm\/f:best\/https:\/\/dcievent.com\/wp-content\/uploads\/2017\/08\/F\u00eates%20de%20Bayonne%20place%20Patxa.jpg 300w, https:\/\/mlpbnbifhtdl.i.optimole.com\/cb:Cy3u.b2dd\/w:768\/h:1080\/q:mauto\/g:sm\/f:best\/https:\/\/dcievent.com\/wp-content\/uploads\/2017\/08\/F\u00eates%20de%20Bayonne%20place%20Patxa.jpg 768w, https:\/\/mlpbnbifhtdl.i.optimole.com\/cb:Cy3u.b2dd\/w:1080\/h:608\/q:mauto\/g:sm\/f:best\/https:\/\/dcievent.com\/wp-content\/uploads\/2017\/08\/F\u00eates%20de%20Bayonne%20place%20Patxa.jpg 1080w\" sizes=\"(max-width: 800px) 100vw, 800px\" \/><figcaption id=\"caption-attachment-1555\" class=\"wp-caption-text\">Installation des animations de l&#8217;apr\u00e8s midi, avec la force Basque \u00e0 l&#8217;honneur<\/figcaption><\/figure>\n<p>DCI prend en charge toute la prestation concernant les concerts de soir\u00e9e en son et lumi\u00e8res, avec des solutions adapt\u00e9es au lieu, surtout concernant la partie r\u00e9gie fa\u00e7ade.<\/p>\n<p>Pour parler des groupes, la programmation est tr\u00e8s vari\u00e9e (rock, rap, m\u00e9tal, DJ \u00e9lectro, oriental&#8230;) et de grande qualit\u00e9 : DJ Naughty J (ex. NTM), Very Small Orchestra, AFU, Xiberoots, MG Banda, Kuartz, Boujalal et des jeunes prometteurs comme Aldiz, Xixtor of a Down, Les Gings, &#8230; Des photos en fin d&#8217;article parleront mieux pour r\u00e9sumer cette semaine, ou cette super vid\u00e9o faite par le gaztetxe :\u00a0<a href=\"https:\/\/www.youtube.com\/watch?v=SqnIaLz6HY8&amp;feature=youtu.be\" target=\"_blank\" rel=\"noopener\">Baionako Bestak 2017 \/ F\u00eates de Bayonne 2017 <\/a><\/p>\n<h2>Journ\u00e9e des Enfants<\/h2>\n<p>Apr\u00e8s l&#8217;an dernier, o\u00f9 la journ\u00e9e des enfants avait \u00e9t\u00e9 annul\u00e9e pour raison de s\u00e9curit\u00e9, DCI reprend une nouvelle fois cet \u00e9v\u00e9nement avec la mairie de Bayonne. Au programme, installation d&#8217;une sono de s\u00e9curit\u00e9 et de diffusion sur tout le site de la poterne et du jardin botanique (des douves jusqu&#8217;au jardin, en passant par l&#8217;aire de jeu au dessus du parking).<\/p>\n<figure id=\"attachment_1556\" aria-describedby=\"caption-attachment-1556\" style=\"width: 800px\" class=\"wp-caption aligncenter\"><img data-opt-id=1670656434  data-opt-src=\"https:\/\/mlpbnbifhtdl.i.optimole.com\/cb:Cy3u.b2dd\/w:1024\/h:576\/q:mauto\/g:sm\/f:best\/http:\/\/dcievent.com\/wp-content\/uploads\/2017\/08\/20170727_151544.jpg\"  decoding=\"async\" class=\"size-large wp-image-1556\" src=\"data:image/svg+xml,%3Csvg%20viewBox%3D%220%200%201024%20576%22%20width%3D%221024%22%20height%3D%22576%22%20xmlns%3D%22http%3A%2F%2Fwww.w3.org%2F2000%2Fsvg%22%3E%3Crect%20width%3D%221024%22%20height%3D%22576%22%20fill%3D%22transparent%22%2F%3E%3C%2Fsvg%3E\" alt=\"journ\u00e9e des enfants poterne f\u00eates de bayonne sonorisation\" width=\"800\" height=\"450\" old-srcset=\"https:\/\/mlpbnbifhtdl.i.optimole.com\/cb:Cy3u.b2dd\/w:1024\/h:1080\/q:mauto\/g:sm\/f:best\/https:\/\/dcievent.com\/wp-content\/uploads\/2017\/08\/F\u00eates%20de%20Bayonne%20journ\u00e9e%20des%20enfants.jpg 1024w, https:\/\/mlpbnbifhtdl.i.optimole.com\/cb:Cy3u.b2dd\/w:300\/h:1080\/q:mauto\/g:sm\/f:best\/https:\/\/dcievent.com\/wp-content\/uploads\/2017\/08\/F\u00eates%20de%20Bayonne%20journ\u00e9e%20des%20enfants.jpg 300w, https:\/\/mlpbnbifhtdl.i.optimole.com\/cb:Cy3u.b2dd\/w:768\/h:1080\/q:mauto\/g:sm\/f:best\/https:\/\/dcievent.com\/wp-content\/uploads\/2017\/08\/F\u00eates%20de%20Bayonne%20journ\u00e9e%20des%20enfants.jpg 768w, https:\/\/mlpbnbifhtdl.i.optimole.com\/cb:Cy3u.b2dd\/w:1080\/h:608\/q:mauto\/g:sm\/f:best\/https:\/\/dcievent.com\/wp-content\/uploads\/2017\/08\/F\u00eates%20de%20Bayonne%20journ\u00e9e%20des%20enfants.jpg 1080w\" \/><figcaption id=\"caption-attachment-1556\" class=\"wp-caption-text\">Journ\u00e9e des enfants, vue d&#8217;une partie du site \u00e0 la poterne<\/figcaption><\/figure>\n<p>En plus, une sc\u00e8ne est install\u00e9e avec un syst\u00e8me coaxial actif sur laquelle se produisent des associations de Bayonne pour faire la promotion de leurs activit\u00e9s (danse, musique, th\u00e9\u00e2tre, &#8230;) pour grands et petits.<\/p>\n<p>Le beau temps a amen\u00e9 du monde et une tr\u00e8s bonne ambiance au rythme du Hip Hop, de la Zumba ou encore de la musique traditionnelle pour des enfants et parents ravis.<\/p>\n<figure id=\"attachment_1557\" aria-describedby=\"caption-attachment-1557\" style=\"width: 800px\" class=\"wp-caption aligncenter\"><img data-opt-id=173942157  data-opt-src=\"https:\/\/mlpbnbifhtdl.i.optimole.com\/cb:Cy3u.b2dd\/w:1024\/h:576\/q:mauto\/g:sm\/f:best\/http:\/\/dcievent.com\/wp-content\/uploads\/2017\/08\/20170727_152750.jpg\"  decoding=\"async\" class=\"size-large wp-image-1557\" src=\"data:image/svg+xml,%3Csvg%20viewBox%3D%220%200%201024%20576%22%20width%3D%221024%22%20height%3D%22576%22%20xmlns%3D%22http%3A%2F%2Fwww.w3.org%2F2000%2Fsvg%22%3E%3Crect%20width%3D%221024%22%20height%3D%22576%22%20fill%3D%22transparent%22%2F%3E%3C%2Fsvg%3E\" alt=\"sonorisation sc\u00e8ne, enceintes coaxiales actives DCI f\u00eates de Bayonne\" width=\"800\" height=\"450\" old-srcset=\"https:\/\/mlpbnbifhtdl.i.optimole.com\/cb:Cy3u.b2dd\/w:1024\/h:1080\/q:mauto\/g:sm\/f:best\/https:\/\/dcievent.com\/wp-content\/uploads\/2017\/08\/F\u00eates%20de%20Bayonne%20groupe%20live%20musique.jpg 1024w, https:\/\/mlpbnbifhtdl.i.optimole.com\/cb:Cy3u.b2dd\/w:300\/h:1080\/q:mauto\/g:sm\/f:best\/https:\/\/dcievent.com\/wp-content\/uploads\/2017\/08\/F\u00eates%20de%20Bayonne%20groupe%20live%20musique.jpg 300w, https:\/\/mlpbnbifhtdl.i.optimole.com\/cb:Cy3u.b2dd\/w:768\/h:1080\/q:mauto\/g:sm\/f:best\/https:\/\/dcievent.com\/wp-content\/uploads\/2017\/08\/F\u00eates%20de%20Bayonne%20groupe%20live%20musique.jpg 768w, https:\/\/mlpbnbifhtdl.i.optimole.com\/cb:Cy3u.b2dd\/w:1080\/h:608\/q:mauto\/g:sm\/f:best\/https:\/\/dcievent.com\/wp-content\/uploads\/2017\/08\/F\u00eates%20de%20Bayonne%20groupe%20live%20musique.jpg 1080w\" \/><figcaption id=\"caption-attachment-1557\" class=\"wp-caption-text\">Sonorisation de la sc\u00e8ne \u00e0 la journ\u00e9e des enfants<\/figcaption><\/figure>\n<figure id=\"attachment_1554\" aria-describedby=\"caption-attachment-1554\" style=\"width: 800px\" class=\"wp-caption aligncenter\"><img data-opt-id=1047841272  data-opt-src=\"https:\/\/mlpbnbifhtdl.i.optimole.com\/cb:Cy3u.b2dd\/w:1024\/h:576\/q:mauto\/g:sm\/f:best\/http:\/\/dcievent.com\/wp-content\/uploads\/2017\/08\/10.jpg\"  decoding=\"async\" class=\"size-large wp-image-1554\" src=\"data:image/svg+xml,%3Csvg%20viewBox%3D%220%200%201024%20576%22%20width%3D%221024%22%20height%3D%22576%22%20xmlns%3D%22http%3A%2F%2Fwww.w3.org%2F2000%2Fsvg%22%3E%3Crect%20width%3D%221024%22%20height%3D%22576%22%20fill%3D%22transparent%22%2F%3E%3C%2Fsvg%3E\" alt=\"very small orchestra place patxa bayonne 2017 DCI\" width=\"800\" height=\"450\" old-srcset=\"https:\/\/mlpbnbifhtdl.i.optimole.com\/cb:Cy3u.b2dd\/w:1024\/h:1080\/q:mauto\/g:sm\/f:best\/https:\/\/dcievent.com\/wp-content\/uploads\/2017\/08\/F\u00eates%20de%20Bayonne%20very%20small%20orchestra.jpg 1024w, https:\/\/mlpbnbifhtdl.i.optimole.com\/cb:Cy3u.b2dd\/w:300\/h:1080\/q:mauto\/g:sm\/f:best\/https:\/\/dcievent.com\/wp-content\/uploads\/2017\/08\/F\u00eates%20de%20Bayonne%20very%20small%20orchestra.jpg 300w, https:\/\/mlpbnbifhtdl.i.optimole.com\/cb:Cy3u.b2dd\/w:768\/h:1080\/q:mauto\/g:sm\/f:best\/https:\/\/dcievent.com\/wp-content\/uploads\/2017\/08\/F\u00eates%20de%20Bayonne%20very%20small%20orchestra.jpg 768w, https:\/\/mlpbnbifhtdl.i.optimole.com\/cb:Cy3u.b2dd\/w:1080\/h:608\/q:mauto\/g:sm\/f:best\/https:\/\/dcievent.com\/wp-content\/uploads\/2017\/08\/F\u00eates%20de%20Bayonne%20very%20small%20orchestra.jpg 1080w\" \/><figcaption id=\"caption-attachment-1554\" class=\"wp-caption-text\">Very Small Orchestra \u00e0 la place Patxa, et une tr\u00e8s grosse ambiance !<\/figcaption><\/figure>\n<figure id=\"attachment_1558\" aria-describedby=\"caption-attachment-1558\" style=\"width: 800px\" class=\"wp-caption aligncenter\"><img data-opt-id=56228855  data-opt-src=\"https:\/\/mlpbnbifhtdl.i.optimole.com\/cb:Cy3u.b2dd\/w:1024\/h:576\/q:mauto\/g:sm\/f:best\/http:\/\/dcievent.com\/wp-content\/uploads\/2017\/08\/20170729_235404.jpg\"  decoding=\"async\" class=\"size-large wp-image-1558\" src=\"data:image/svg+xml,%3Csvg%20viewBox%3D%220%200%201024%20576%22%20width%3D%221024%22%20height%3D%22576%22%20xmlns%3D%22http%3A%2F%2Fwww.w3.org%2F2000%2Fsvg%22%3E%3Crect%20width%3D%221024%22%20height%3D%22576%22%20fill%3D%22transparent%22%2F%3E%3C%2Fsvg%3E\" alt=\"sonorisation \u00e9clairage DJ Naughty J NTM place patxa f\u00eates de bayonne\" width=\"800\" height=\"450\" old-srcset=\"https:\/\/mlpbnbifhtdl.i.optimole.com\/cb:Cy3u.b2dd\/w:1024\/h:1080\/q:mauto\/g:sm\/f:best\/https:\/\/dcievent.com\/wp-content\/uploads\/2017\/08\/F\u00eates%20de%20Bayonne%20DJ%20concert.jpg 1024w, https:\/\/mlpbnbifhtdl.i.optimole.com\/cb:Cy3u.b2dd\/w:300\/h:1080\/q:mauto\/g:sm\/f:best\/https:\/\/dcievent.com\/wp-content\/uploads\/2017\/08\/F\u00eates%20de%20Bayonne%20DJ%20concert.jpg 300w, https:\/\/mlpbnbifhtdl.i.optimole.com\/cb:Cy3u.b2dd\/w:768\/h:1080\/q:mauto\/g:sm\/f:best\/https:\/\/dcievent.com\/wp-content\/uploads\/2017\/08\/F\u00eates%20de%20Bayonne%20DJ%20concert.jpg 768w, https:\/\/mlpbnbifhtdl.i.optimole.com\/cb:Cy3u.b2dd\/w:1080\/h:608\/q:mauto\/g:sm\/f:best\/https:\/\/dcievent.com\/wp-content\/uploads\/2017\/08\/F\u00eates%20de%20Bayonne%20DJ%20concert.jpg 1080w\" \/><figcaption id=\"caption-attachment-1558\" class=\"wp-caption-text\">DJ Naughty J, place Patxa, pendant des f\u00eates de Bayonne<\/figcaption><\/figure>\n<figure id=\"attachment_1559\" aria-describedby=\"caption-attachment-1559\" style=\"width: 576px\" class=\"wp-caption aligncenter\"><img data-opt-id=919469806  data-opt-src=\"https:\/\/mlpbnbifhtdl.i.optimole.com\/cb:Cy3u.b2dd\/w:576\/h:1024\/q:mauto\/g:sm\/f:best\/http:\/\/dcievent.com\/wp-content\/uploads\/2017\/08\/IMG_20170726_135522.jpg\"  decoding=\"async\" class=\"size-large wp-image-1559\" src=\"data:image/svg+xml,%3Csvg%20viewBox%3D%220%200%20576%201024%22%20width%3D%22576%22%20height%3D%221024%22%20xmlns%3D%22http%3A%2F%2Fwww.w3.org%2F2000%2Fsvg%22%3E%3Crect%20width%3D%22576%22%20height%3D%221024%22%20fill%3D%22transparent%22%2F%3E%3C%2Fsvg%3E\" alt=\"sono s\u00e9curit\u00e9, structure ASD, embase lourde, syst\u00e8me HF, HP Bouyer\" width=\"576\" height=\"1024\" old-srcset=\"https:\/\/mlpbnbifhtdl.i.optimole.com\/cb:Cy3u.b2dd\/w:576\/h:1080\/q:mauto\/g:sm\/f:best\/https:\/\/dcievent.com\/wp-content\/uploads\/2017\/08\/fetes-de-bayonne-baionako-bestak-2017.jpg 576w, https:\/\/mlpbnbifhtdl.i.optimole.com\/cb:Cy3u.b2dd\/w:169\/h:1080\/q:mauto\/g:sm\/f:best\/https:\/\/dcievent.com\/wp-content\/uploads\/2017\/08\/fetes-de-bayonne-baionako-bestak-2017.jpg 169w, https:\/\/mlpbnbifhtdl.i.optimole.com\/cb:Cy3u.b2dd\/w:768\/h:1080\/q:mauto\/g:sm\/f:best\/https:\/\/dcievent.com\/wp-content\/uploads\/2017\/08\/fetes-de-bayonne-baionako-bestak-2017.jpg 768w, https:\/\/mlpbnbifhtdl.i.optimole.com\/cb:Cy3u.b2dd\/w:608\/h:1080\/q:mauto\/g:sm\/f:best\/https:\/\/dcievent.com\/wp-content\/uploads\/2017\/08\/fetes-de-bayonne-baionako-bestak-2017.jpg 608w\" \/><figcaption id=\"caption-attachment-1559\" class=\"wp-caption-text\">Totem sono de s\u00e9curit\u00e9 en 100 volts pour la journ\u00e9e des enfants<\/figcaption><\/figure>\n<figure id=\"attachment_1561\" aria-describedby=\"caption-attachment-1561\" style=\"width: 800px\" class=\"wp-caption aligncenter\"><img data-opt-id=1662636262  data-opt-src=\"https:\/\/mlpbnbifhtdl.i.optimole.com\/cb:Cy3u.b2dd\/w:1024\/h:576\/q:mauto\/g:sm\/f:best\/http:\/\/dcievent.com\/wp-content\/uploads\/2017\/08\/Untitled_000177.jpeg\"  decoding=\"async\" class=\"size-large wp-image-1561\" src=\"data:image/svg+xml,%3Csvg%20viewBox%3D%220%200%201024%20576%22%20width%3D%221024%22%20height%3D%22576%22%20xmlns%3D%22http%3A%2F%2Fwww.w3.org%2F2000%2Fsvg%22%3E%3Crect%20width%3D%221024%22%20height%3D%22576%22%20fill%3D%22transparent%22%2F%3E%3C%2Fsvg%3E\" alt=\"concert dj eclairage sonorisation ambiance fetes de bayonne naughty J\" width=\"800\" height=\"450\" old-srcset=\"https:\/\/mlpbnbifhtdl.i.optimole.com\/cb:Cy3u.b2dd\/w:1024\/h:1080\/q:mauto\/g:sm\/f:best\/https:\/\/dcievent.com\/wp-content\/uploads\/2017\/08\/fetes-de-bayonne-baionako-bestak-2017.jpeg 1024w, https:\/\/mlpbnbifhtdl.i.optimole.com\/cb:Cy3u.b2dd\/w:300\/h:1080\/q:mauto\/g:sm\/f:best\/https:\/\/dcievent.com\/wp-content\/uploads\/2017\/08\/fetes-de-bayonne-baionako-bestak-2017.jpeg 300w, https:\/\/mlpbnbifhtdl.i.optimole.com\/cb:Cy3u.b2dd\/w:768\/h:1080\/q:mauto\/g:sm\/f:best\/https:\/\/dcievent.com\/wp-content\/uploads\/2017\/08\/fetes-de-bayonne-baionako-bestak-2017.jpeg 768w, https:\/\/mlpbnbifhtdl.i.optimole.com\/cb:Cy3u.b2dd\/w:1080\/h:608\/q:mauto\/g:sm\/f:best\/https:\/\/dcievent.com\/wp-content\/uploads\/2017\/08\/fetes-de-bayonne-baionako-bestak-2017.jpeg 1080w\" \/><figcaption id=\"caption-attachment-1561\" class=\"wp-caption-text\">Concerts et DJ vu depuis le bar du Gaztetxe, \u00e9clairage LED, trad et automatique<\/figcaption><\/figure>\n","protected":false},"excerpt":{"rendered":"<p>Place Patxa 5 jours de concerts en soir\u00e9e et animations en journ\u00e9e pour les f\u00eates de Bayonne. A la place Patxa, c&#8217;est le gaztexte de Bayonne qui organise tout (de &#8230;<\/p>\n","protected":false},"author":1,"featured_media":1556,"comment_status":"closed","ping_status":"closed","sticky":false,"template":"","format":"standard","meta":{"footnotes":""},"categories":[12,8],"tags":[],"class_list":["post-1552","post","type-post","status-publish","format-standard","has-post-thumbnail","hentry","category-100-volts","category-concert"],"yoast_head":"<!-- This site is optimized with the Yoast SEO plugin v27.5 - https:\/\/yoast.com\/product\/yoast-seo-wordpress\/ -->\n<title>F\u00eates de Bayonne - Baionako Bestak - 2017 - DCI Event - Prestataire Technique Audiovisuel<\/title>\n<meta name=\"robots\" content=\"index, follow, max-snippet:-1, max-image-preview:large, max-video-preview:-1\" \/>\n<link rel=\"canonical\" href=\"https:\/\/dcievent.com\/index.php\/2017\/08\/03\/fetes-de-bayonne-baionako-bestak-2017\/\" \/>\n<meta property=\"og:locale\" content=\"fr_FR\" \/>\n<meta property=\"og:type\" content=\"article\" \/>\n<meta property=\"og:title\" content=\"F\u00eates de Bayonne - Baionako Bestak - 2017 - DCI Event - Prestataire Technique Audiovisuel\" \/>\n<meta property=\"og:description\" content=\"Place Patxa 5 jours de concerts en soir\u00e9e et animations en journ\u00e9e pour les f\u00eates de Bayonne. A la place Patxa, c&#8217;est le gaztexte de Bayonne qui organise tout (de ...\" \/>\n<meta property=\"og:url\" content=\"https:\/\/dcievent.com\/index.php\/2017\/08\/03\/fetes-de-bayonne-baionako-bestak-2017\/\" \/>\n<meta property=\"og:site_name\" content=\"DCI Event - Prestataire Technique Audiovisuel\" \/>\n<meta property=\"article:publisher\" content=\"http:\/\/www.facebook.com\/dcievent\" \/>\n<meta property=\"article:published_time\" content=\"2017-08-03T10:47:11+00:00\" \/>\n<meta property=\"article:modified_time\" content=\"2017-08-07T11:20:28+00:00\" \/>\n<meta property=\"og:image\" content=\"https:\/\/mlpbnbifhtdl.i.optimole.com\/cb:Cy3u.b2dd\/w:auto\/h:auto\/q:mauto\/g:sm\/f:best\/https:\/\/dcievent.com\/wp-content\/uploads\/2017\/08\/Fêtes%20de%20Bayonne%20journée%20des%20enfants.jpg\" \/>\n\t<meta property=\"og:image:width\" content=\"1080\" \/>\n\t<meta property=\"og:image:height\" content=\"608\" \/>\n\t<meta property=\"og:image:type\" content=\"image\/jpeg\" \/>\n<meta name=\"author\" content=\"Xabi\" \/>\n<meta name=\"twitter:card\" content=\"summary_large_image\" \/>\n<meta name=\"twitter:label1\" content=\"\u00c9crit par\" \/>\n\t<meta name=\"twitter:data1\" content=\"Xabi\" \/>\n\t<meta name=\"twitter:label2\" content=\"Dur\u00e9e de lecture estim\u00e9e\" \/>\n\t<meta name=\"twitter:data2\" content=\"2 minutes\" \/>\n<script type=\"application\/ld+json\" class=\"yoast-schema-graph\">{\"@context\":\"https:\\\/\\\/schema.org\",\"@graph\":[{\"@type\":\"Article\",\"@id\":\"https:\\\/\\\/dcievent.com\\\/index.php\\\/2017\\\/08\\\/03\\\/fetes-de-bayonne-baionako-bestak-2017\\\/#article\",\"isPartOf\":{\"@id\":\"https:\\\/\\\/dcievent.com\\\/index.php\\\/2017\\\/08\\\/03\\\/fetes-de-bayonne-baionako-bestak-2017\\\/\"},\"author\":{\"name\":\"Xabi\",\"@id\":\"https:\\\/\\\/dcievent.com\\\/#\\\/schema\\\/person\\\/786a6bd7924d8a08fe637749e17581df\"},\"headline\":\"F\u00eates de Bayonne &#8211; Baionako Bestak &#8211; 2017\",\"datePublished\":\"2017-08-03T10:47:11+00:00\",\"dateModified\":\"2017-08-07T11:20:28+00:00\",\"mainEntityOfPage\":{\"@id\":\"https:\\\/\\\/dcievent.com\\\/index.php\\\/2017\\\/08\\\/03\\\/fetes-de-bayonne-baionako-bestak-2017\\\/\"},\"wordCount\":472,\"publisher\":{\"@id\":\"https:\\\/\\\/dcievent.com\\\/#organization\"},\"image\":{\"@id\":\"https:\\\/\\\/dcievent.com\\\/index.php\\\/2017\\\/08\\\/03\\\/fetes-de-bayonne-baionako-bestak-2017\\\/#primaryimage\"},\"thumbnailUrl\":\"https:\\\/\\\/dcievent.com\\\/wp-content\\\/uploads\\\/2017\\\/08\\\/F\u00eates de Bayonne journ\u00e9e des enfants.jpg\",\"articleSection\":[\"100 volts\",\"Concert\"],\"inLanguage\":\"fr-FR\"},{\"@type\":\"WebPage\",\"@id\":\"https:\\\/\\\/dcievent.com\\\/index.php\\\/2017\\\/08\\\/03\\\/fetes-de-bayonne-baionako-bestak-2017\\\/\",\"url\":\"https:\\\/\\\/dcievent.com\\\/index.php\\\/2017\\\/08\\\/03\\\/fetes-de-bayonne-baionako-bestak-2017\\\/\",\"name\":\"F\u00eates de Bayonne - Baionako Bestak - 2017 - DCI Event - Prestataire Technique Audiovisuel\",\"isPartOf\":{\"@id\":\"https:\\\/\\\/dcievent.com\\\/#website\"},\"primaryImageOfPage\":{\"@id\":\"https:\\\/\\\/dcievent.com\\\/index.php\\\/2017\\\/08\\\/03\\\/fetes-de-bayonne-baionako-bestak-2017\\\/#primaryimage\"},\"image\":{\"@id\":\"https:\\\/\\\/dcievent.com\\\/index.php\\\/2017\\\/08\\\/03\\\/fetes-de-bayonne-baionako-bestak-2017\\\/#primaryimage\"},\"thumbnailUrl\":\"https:\\\/\\\/dcievent.com\\\/wp-content\\\/uploads\\\/2017\\\/08\\\/F\u00eates de Bayonne journ\u00e9e des enfants.jpg\",\"datePublished\":\"2017-08-03T10:47:11+00:00\",\"dateModified\":\"2017-08-07T11:20:28+00:00\",\"breadcrumb\":{\"@id\":\"https:\\\/\\\/dcievent.com\\\/index.php\\\/2017\\\/08\\\/03\\\/fetes-de-bayonne-baionako-bestak-2017\\\/#breadcrumb\"},\"inLanguage\":\"fr-FR\",\"potentialAction\":[{\"@type\":\"ReadAction\",\"target\":[\"https:\\\/\\\/dcievent.com\\\/index.php\\\/2017\\\/08\\\/03\\\/fetes-de-bayonne-baionako-bestak-2017\\\/\"]}]},{\"@type\":\"ImageObject\",\"inLanguage\":\"fr-FR\",\"@id\":\"https:\\\/\\\/dcievent.com\\\/index.php\\\/2017\\\/08\\\/03\\\/fetes-de-bayonne-baionako-bestak-2017\\\/#primaryimage\",\"url\":\"https:\\\/\\\/dcievent.com\\\/wp-content\\\/uploads\\\/2017\\\/08\\\/F\u00eates de Bayonne journ\u00e9e des enfants.jpg\",\"contentUrl\":\"https:\\\/\\\/dcievent.com\\\/wp-content\\\/uploads\\\/2017\\\/08\\\/F\u00eates de Bayonne journ\u00e9e des enfants.jpg\",\"width\":1080,\"height\":608,\"caption\":\"Journ\u00e9e des enfants, vue d'une partie du site \u00e0 la poterne\"},{\"@type\":\"BreadcrumbList\",\"@id\":\"https:\\\/\\\/dcievent.com\\\/index.php\\\/2017\\\/08\\\/03\\\/fetes-de-bayonne-baionako-bestak-2017\\\/#breadcrumb\",\"itemListElement\":[{\"@type\":\"ListItem\",\"position\":1,\"name\":\"Accueil\",\"item\":\"https:\\\/\\\/dcievent.com\\\/\"},{\"@type\":\"ListItem\",\"position\":2,\"name\":\"F\u00eates de Bayonne &#8211; Baionako Bestak &#8211; 2017\"}]},{\"@type\":\"WebSite\",\"@id\":\"https:\\\/\\\/dcievent.com\\\/#website\",\"url\":\"https:\\\/\\\/dcievent.com\\\/\",\"name\":\"DCI Event\",\"description\":\"Location sonorisation, int\u00e9grateur audiovisuel, r\u00e9gie technique de spectacle\",\"publisher\":{\"@id\":\"https:\\\/\\\/dcievent.com\\\/#organization\"},\"potentialAction\":[{\"@type\":\"SearchAction\",\"target\":{\"@type\":\"EntryPoint\",\"urlTemplate\":\"https:\\\/\\\/dcievent.com\\\/?s={search_term_string}\"},\"query-input\":{\"@type\":\"PropertyValueSpecification\",\"valueRequired\":true,\"valueName\":\"search_term_string\"}}],\"inLanguage\":\"fr-FR\"},{\"@type\":\"Organization\",\"@id\":\"https:\\\/\\\/dcievent.com\\\/#organization\",\"name\":\"DCI event\",\"url\":\"https:\\\/\\\/dcievent.com\\\/\",\"logo\":{\"@type\":\"ImageObject\",\"inLanguage\":\"fr-FR\",\"@id\":\"https:\\\/\\\/dcievent.com\\\/#\\\/schema\\\/logo\\\/image\\\/\",\"url\":\"https:\\/\\/dcievent.com\\/wp-content\\/uploads\\/2024\\/01\\/cropped-cropped-DCI_LogoEvent_CMJN_HD-scaled-1.jpg\",\"contentUrl\":\"https:\\/\\/dcievent.com\\/wp-content\\/uploads\\/2024\\/01\\/cropped-cropped-DCI_LogoEvent_CMJN_HD-scaled-1.jpg\",\"width\":512,\"height\":512,\"caption\":\"DCI event\"},\"image\":{\"@id\":\"https:\\\/\\\/dcievent.com\\\/#\\\/schema\\\/logo\\\/image\\\/\"},\"sameAs\":[\"http:\\\/\\\/www.facebook.com\\\/dcievent\",\"http:\\\/\\\/www.instagram.com\\\/dcievent\"]},{\"@type\":\"Person\",\"@id\":\"https:\\\/\\\/dcievent.com\\\/#\\\/schema\\\/person\\\/786a6bd7924d8a08fe637749e17581df\",\"name\":\"Xabi\",\"image\":{\"@type\":\"ImageObject\",\"inLanguage\":\"fr-FR\",\"@id\":\"https:\\\/\\\/secure.gravatar.com\\\/avatar\\\/edb7a485a3591918f7cc1c3a167ff2b013273a0f828af59e9d4e76c336add007?s=96&d=mm&r=g\",\"url\":\"https:\\\/\\\/secure.gravatar.com\\\/avatar\\\/edb7a485a3591918f7cc1c3a167ff2b013273a0f828af59e9d4e76c336add007?s=96&d=mm&r=g\",\"contentUrl\":\"https:\\\/\\\/secure.gravatar.com\\\/avatar\\\/edb7a485a3591918f7cc1c3a167ff2b013273a0f828af59e9d4e76c336add007?s=96&d=mm&r=g\",\"caption\":\"Xabi\"}}]}<\/script>\n<!-- \/ Yoast SEO plugin. -->","yoast_head_json":{"title":"F\u00eates de Bayonne - Baionako Bestak - 2017 - DCI Event - Prestataire Technique Audiovisuel","robots":{"index":"index","follow":"follow","max-snippet":"max-snippet:-1","max-image-preview":"max-image-preview:large","max-video-preview":"max-video-preview:-1"},"canonical":"https:\/\/dcievent.com\/index.php\/2017\/08\/03\/fetes-de-bayonne-baionako-bestak-2017\/","og_locale":"fr_FR","og_type":"article","og_title":"F\u00eates de Bayonne - Baionako Bestak - 2017 - DCI Event - Prestataire Technique Audiovisuel","og_description":"Place Patxa 5 jours de concerts en soir\u00e9e et animations en journ\u00e9e pour les f\u00eates de Bayonne. A la place Patxa, c&#8217;est le gaztexte de Bayonne qui organise tout (de ...","og_url":"https:\/\/dcievent.com\/index.php\/2017\/08\/03\/fetes-de-bayonne-baionako-bestak-2017\/","og_site_name":"DCI Event - Prestataire Technique Audiovisuel","article_publisher":"http:\/\/www.facebook.com\/dcievent","article_published_time":"2017-08-03T10:47:11+00:00","article_modified_time":"2017-08-07T11:20:28+00:00","og_image":[{"width":1080,"height":608,"url":"https:\/\/dcievent.com\/wp-content\/uploads\/2017\/08\/F\u00eates de Bayonne journ\u00e9e des enfants.jpg","type":"image\/jpeg"}],"author":"Xabi","twitter_card":"summary_large_image","twitter_misc":{"\u00c9crit par":"Xabi","Dur\u00e9e de lecture estim\u00e9e":"2 minutes"},"schema":{"@context":"https:\/\/schema.org","@graph":[{"@type":"Article","@id":"https:\/\/dcievent.com\/index.php\/2017\/08\/03\/fetes-de-bayonne-baionako-bestak-2017\/#article","isPartOf":{"@id":"https:\/\/dcievent.com\/index.php\/2017\/08\/03\/fetes-de-bayonne-baionako-bestak-2017\/"},"author":{"name":"Xabi","@id":"https:\/\/dcievent.com\/#\/schema\/person\/786a6bd7924d8a08fe637749e17581df"},"headline":"F\u00eates de Bayonne &#8211; Baionako Bestak &#8211; 2017","datePublished":"2017-08-03T10:47:11+00:00","dateModified":"2017-08-07T11:20:28+00:00","mainEntityOfPage":{"@id":"https:\/\/dcievent.com\/index.php\/2017\/08\/03\/fetes-de-bayonne-baionako-bestak-2017\/"},"wordCount":472,"publisher":{"@id":"https:\/\/dcievent.com\/#organization"},"image":{"@id":"https:\/\/dcievent.com\/index.php\/2017\/08\/03\/fetes-de-bayonne-baionako-bestak-2017\/#primaryimage"},"thumbnailUrl":"https:\/\/dcievent.com\/wp-content\/uploads\/2017\/08\/F\u00eates de Bayonne journ\u00e9e des enfants.jpg","articleSection":["100 volts","Concert"],"inLanguage":"fr-FR"},{"@type":"WebPage","@id":"https:\/\/dcievent.com\/index.php\/2017\/08\/03\/fetes-de-bayonne-baionako-bestak-2017\/","url":"https:\/\/dcievent.com\/index.php\/2017\/08\/03\/fetes-de-bayonne-baionako-bestak-2017\/","name":"F\u00eates de Bayonne - Baionako Bestak - 2017 - DCI Event - Prestataire Technique Audiovisuel","isPartOf":{"@id":"https:\/\/dcievent.com\/#website"},"primaryImageOfPage":{"@id":"https:\/\/dcievent.com\/index.php\/2017\/08\/03\/fetes-de-bayonne-baionako-bestak-2017\/#primaryimage"},"image":{"@id":"https:\/\/dcievent.com\/index.php\/2017\/08\/03\/fetes-de-bayonne-baionako-bestak-2017\/#primaryimage"},"thumbnailUrl":"https:\/\/dcievent.com\/wp-content\/uploads\/2017\/08\/F\u00eates de Bayonne journ\u00e9e des enfants.jpg","datePublished":"2017-08-03T10:47:11+00:00","dateModified":"2017-08-07T11:20:28+00:00","breadcrumb":{"@id":"https:\/\/dcievent.com\/index.php\/2017\/08\/03\/fetes-de-bayonne-baionako-bestak-2017\/#breadcrumb"},"inLanguage":"fr-FR","potentialAction":[{"@type":"ReadAction","target":["https:\/\/dcievent.com\/index.php\/2017\/08\/03\/fetes-de-bayonne-baionako-bestak-2017\/"]}]},{"@type":"ImageObject","inLanguage":"fr-FR","@id":"https:\/\/dcievent.com\/index.php\/2017\/08\/03\/fetes-de-bayonne-baionako-bestak-2017\/#primaryimage","url":"https:\/\/dcievent.com\/wp-content\/uploads\/2017\/08\/F\u00eates de Bayonne journ\u00e9e des enfants.jpg","contentUrl":"https:\/\/dcievent.com\/wp-content\/uploads\/2017\/08\/F\u00eates de Bayonne journ\u00e9e des enfants.jpg","width":1080,"height":608,"caption":"Journ\u00e9e des enfants, vue d'une partie du site \u00e0 la poterne"},{"@type":"BreadcrumbList","@id":"https:\/\/dcievent.com\/index.php\/2017\/08\/03\/fetes-de-bayonne-baionako-bestak-2017\/#breadcrumb","itemListElement":[{"@type":"ListItem","position":1,"name":"Accueil","item":"https:\/\/dcievent.com\/"},{"@type":"ListItem","position":2,"name":"F\u00eates de Bayonne &#8211; Baionako Bestak &#8211; 2017"}]},{"@type":"WebSite","@id":"https:\/\/dcievent.com\/#website","url":"https:\/\/dcievent.com\/","name":"DCI Event","description":"Location sonorisation, int\u00e9grateur audiovisuel, r\u00e9gie technique de spectacle","publisher":{"@id":"https:\/\/dcievent.com\/#organization"},"potentialAction":[{"@type":"SearchAction","target":{"@type":"EntryPoint","urlTemplate":"https:\/\/dcievent.com\/?s={search_term_string}"},"query-input":{"@type":"PropertyValueSpecification","valueRequired":true,"valueName":"search_term_string"}}],"inLanguage":"fr-FR"},{"@type":"Organization","@id":"https:\/\/dcievent.com\/#organization","name":"DCI event","url":"https:\/\/dcievent.com\/","logo":{"@type":"ImageObject","inLanguage":"fr-FR","@id":"https:\/\/dcievent.com\/#\/schema\/logo\/image\/","url":"https:\/\/mlpbnbifhtdl.i.optimole.com\/cb:Cy3u.b2dd\/w:auto\/h:auto\/q:mauto\/g:sm\/f:best\/https:\/\/dcievent.com\/wp-content\/uploads\/2024\/01\/cropped-cropped-DCI_LogoEvent_CMJN_HD-scaled-1.jpg","contentUrl":"https:\/\/mlpbnbifhtdl.i.optimole.com\/cb:Cy3u.b2dd\/w:auto\/h:auto\/q:mauto\/g:sm\/f:best\/https:\/\/dcievent.com\/wp-content\/uploads\/2024\/01\/cropped-cropped-DCI_LogoEvent_CMJN_HD-scaled-1.jpg","width":512,"height":512,"caption":"DCI event"},"image":{"@id":"https:\/\/dcievent.com\/#\/schema\/logo\/image\/"},"sameAs":["http:\/\/www.facebook.com\/dcievent","http:\/\/www.instagram.com\/dcievent"]},{"@type":"Person","@id":"https:\/\/dcievent.com\/#\/schema\/person\/786a6bd7924d8a08fe637749e17581df","name":"Xabi","image":{"@type":"ImageObject","inLanguage":"fr-FR","@id":"https:\/\/secure.gravatar.com\/avatar\/edb7a485a3591918f7cc1c3a167ff2b013273a0f828af59e9d4e76c336add007?s=96&d=mm&r=g","url":"https:\/\/secure.gravatar.com\/avatar\/edb7a485a3591918f7cc1c3a167ff2b013273a0f828af59e9d4e76c336add007?s=96&d=mm&r=g","contentUrl":"https:\/\/secure.gravatar.com\/avatar\/edb7a485a3591918f7cc1c3a167ff2b013273a0f828af59e9d4e76c336add007?s=96&d=mm&r=g","caption":"Xabi"}}]}},"_links":{"self":[{"href":"https:\/\/dcievent.com\/index.php\/wp-json\/wp\/v2\/posts\/1552","targetHints":{"allow":["GET"]}}],"collection":[{"href":"https:\/\/dcievent.com\/index.php\/wp-json\/wp\/v2\/posts"}],"about":[{"href":"https:\/\/dcievent.com\/index.php\/wp-json\/wp\/v2\/types\/post"}],"author":[{"embeddable":true,"href":"https:\/\/dcievent.com\/index.php\/wp-json\/wp\/v2\/users\/1"}],"replies":[{"embeddable":true,"href":"https:\/\/dcievent.com\/index.php\/wp-json\/wp\/v2\/comments?post=1552"}],"version-history":[{"count":3,"href":"https:\/\/dcievent.com\/index.php\/wp-json\/wp\/v2\/posts\/1552\/revisions"}],"predecessor-version":[{"id":1562,"href":"https:\/\/dcievent.com\/index.php\/wp-json\/wp\/v2\/posts\/1552\/revisions\/1562"}],"wp:featuredmedia":[{"embeddable":true,"href":"https:\/\/dcievent.com\/index.php\/wp-json\/wp\/v2\/media\/1556"}],"wp:attachment":[{"href":"https:\/\/dcievent.com\/index.php\/wp-json\/wp\/v2\/media?parent=1552"}],"wp:term":[{"taxonomy":"category","embeddable":true,"href":"https:\/\/dcievent.com\/index.php\/wp-json\/wp\/v2\/categories?post=1552"},{"taxonomy":"post_tag","embeddable":true,"href":"https:\/\/dcievent.com\/index.php\/wp-json\/wp\/v2\/tags?post=1552"}],"curies":[{"name":"wp","href":"https:\/\/api.w.org\/{rel}","templated":true}]}}