{"id":1544,"date":"2017-06-20T10:26:33","date_gmt":"2017-06-20T08:26:33","guid":{"rendered":"http:\/\/www.dcievent.com\/?p=1544"},"modified":"2017-08-07T11:03:39","modified_gmt":"2017-08-07T09:03:39","slug":"gernika-saint-jean-de-luz-2017","status":"publish","type":"post","link":"https:\/\/dcievent.com\/index.php\/2017\/06\/20\/gernika-saint-jean-de-luz-2017\/","title":{"rendered":"Gernika &#8211; Saint Jean de Luz &#8211; 2017"},"content":{"rendered":"<p>En parall\u00e8le du spectacle de Musculdy, DCI a travaill\u00e9 sur un autre spectacle intitul\u00e9 &#8220;Gernika&#8221;, pour l&#8217;anniversaire des 80 ans du bombardement de la ville de Guernica.<\/p>\n<figure id=\"attachment_1546\" aria-describedby=\"caption-attachment-1546\" style=\"width: 800px\" class=\"wp-caption aligncenter\"><img data-opt-id=639415834  fetchpriority=\"high\" decoding=\"async\" class=\"size-large wp-image-1546\" src=\"https:\/\/mlpbnbifhtdl.i.optimole.com\/cb:Cy3u.b2dd\/w:1024\/h:576\/q:mauto\/g:sm\/f:best\/http:\/\/dcievent.com\/wp-content\/uploads\/2017\/08\/1.jpg\" alt=\"Poursuite r\u00e9gie spectacle lumi\u00e8re danse, chant\" width=\"800\" height=\"450\" srcset=\"https:\/\/mlpbnbifhtdl.i.optimole.com\/cb:Cy3u.b2dd\/w:1024\/h:1080\/q:mauto\/g:sm\/f:best\/https:\/\/dcievent.com\/wp-content\/uploads\/2017\/08\/Saint%20Jean%20de%20Luz%20Ducontenia%20th\u00e9atre%20de%20verdure.jpg 1024w, https:\/\/mlpbnbifhtdl.i.optimole.com\/cb:Cy3u.b2dd\/w:300\/h:1080\/q:mauto\/g:sm\/f:best\/https:\/\/dcievent.com\/wp-content\/uploads\/2017\/08\/Saint%20Jean%20de%20Luz%20Ducontenia%20th\u00e9atre%20de%20verdure.jpg 300w, https:\/\/mlpbnbifhtdl.i.optimole.com\/cb:Cy3u.b2dd\/w:768\/h:1080\/q:mauto\/g:sm\/f:best\/https:\/\/dcievent.com\/wp-content\/uploads\/2017\/08\/Saint%20Jean%20de%20Luz%20Ducontenia%20th\u00e9atre%20de%20verdure.jpg 768w, https:\/\/mlpbnbifhtdl.i.optimole.com\/cb:Cy3u.b2dd\/w:1080\/h:608\/q:mauto\/g:sm\/f:best\/https:\/\/dcievent.com\/wp-content\/uploads\/2017\/08\/Saint%20Jean%20de%20Luz%20Ducontenia%20th\u00e9atre%20de%20verdure.jpg 1080w\" sizes=\"(max-width: 800px) 100vw, 800px\" \/><figcaption id=\"caption-attachment-1546\" class=\"wp-caption-text\">Vue de la sc\u00e8ne depuis la poursuite en r\u00e9gie<\/figcaption><\/figure>\n<p>Ce spectacle mis en sc\u00e8ne et imagin\u00e9 par Xabi Soubelet regroupe pas loin de 300 intervenants par le biais d&#8217;associations luziennes. On y retrouve des chorales, des danseurs, des musiciens, de 7 \u00e0 77 ans. Il s&#8217;est d\u00e9roul\u00e9 dans le magnifique th\u00e9\u00e2tre de la nature, au parc Ducontenia.<\/p>\n<p>La partie de cr\u00e9ation et montage vid\u00e9o a \u00e9t\u00e9 assur\u00e9e par Kanaldude, tandis que toute la diffusion s&#8217;est faite par DCI, de m\u00eame que les prestations de son et mise en lumi\u00e8re assur\u00e9e par nos techniciens et l&#8217;ensemble du mat\u00e9riel fourni par DCI.<\/p>\n<figure id=\"attachment_1548\" aria-describedby=\"caption-attachment-1548\" style=\"width: 800px\" class=\"wp-caption aligncenter\"><img data-opt-id=2109952149  data-opt-src=\"https:\/\/mlpbnbifhtdl.i.optimole.com\/cb:Cy3u.b2dd\/w:1024\/h:768\/q:mauto\/g:sm\/f:best\/http:\/\/dcievent.com\/wp-content\/uploads\/2017\/08\/DSC02805.jpg\"  decoding=\"async\" class=\"size-large wp-image-1548\" src=\"data:image/svg+xml,%3Csvg%20viewBox%3D%220%200%201024%20768%22%20width%3D%221024%22%20height%3D%22768%22%20xmlns%3D%22http%3A%2F%2Fwww.w3.org%2F2000%2Fsvg%22%3E%3Crect%20width%3D%221024%22%20height%3D%22768%22%20fill%3D%22transparent%22%2F%3E%3C%2Fsvg%3E\" alt=\"r\u00e9glages tests son lumi\u00e8res, r\u00e9gie facade pro tente\" width=\"800\" height=\"600\" old-srcset=\"https:\/\/mlpbnbifhtdl.i.optimole.com\/cb:Cy3u.b2dd\/w:1024\/h:1080\/q:mauto\/g:sm\/f:best\/https:\/\/dcievent.com\/wp-content\/uploads\/2017\/08\/Gernika%20son%20lumi\u00e8re%20vid\u00e9o.jpg 1024w, https:\/\/mlpbnbifhtdl.i.optimole.com\/cb:Cy3u.b2dd\/w:300\/h:1080\/q:mauto\/g:sm\/f:best\/https:\/\/dcievent.com\/wp-content\/uploads\/2017\/08\/Gernika%20son%20lumi\u00e8re%20vid\u00e9o.jpg 300w, https:\/\/mlpbnbifhtdl.i.optimole.com\/cb:Cy3u.b2dd\/w:768\/h:1080\/q:mauto\/g:sm\/f:best\/https:\/\/dcievent.com\/wp-content\/uploads\/2017\/08\/Gernika%20son%20lumi\u00e8re%20vid\u00e9o.jpg 768w, https:\/\/mlpbnbifhtdl.i.optimole.com\/cb:Cy3u.b2dd\/w:1080\/h:810\/q:mauto\/g:sm\/f:best\/https:\/\/dcievent.com\/wp-content\/uploads\/2017\/08\/Gernika%20son%20lumi\u00e8re%20vid\u00e9o.jpg 1080w\" \/><figcaption id=\"caption-attachment-1548\" class=\"wp-caption-text\">R\u00e9p\u00e9tition et r\u00e9glages du son et lumi\u00e8res pour le spectacle<\/figcaption><\/figure>\n<p>Pour ce spectacle, nous avions en place une douzaine de micros HF regroupant des instruments (guitares, trikki) et chanteurs (micros casques, micros main) afin de limiter les interventions sur sc\u00e8ne. Plusieurs couples de micros statiques \u00e9taient en place fixe pour les chorales, la partie de th\u00e9\u00e2tre ou encore l&#8217;Estudiantina.<\/p>\n<figure id=\"attachment_1547\" aria-describedby=\"caption-attachment-1547\" style=\"width: 540px\" class=\"wp-caption aligncenter\"><img data-opt-id=2002776150  data-opt-src=\"https:\/\/mlpbnbifhtdl.i.optimole.com\/cb:Cy3u.b2dd\/w:768\/h:1024\/q:mauto\/g:sm\/f:best\/http:\/\/dcievent.com\/wp-content\/uploads\/2017\/08\/6.jpg\"  decoding=\"async\" class=\" wp-image-1547\" src=\"data:image/svg+xml,%3Csvg%20viewBox%3D%220%200%20768%201024%22%20width%3D%22768%22%20height%3D%221024%22%20xmlns%3D%22http%3A%2F%2Fwww.w3.org%2F2000%2Fsvg%22%3E%3Crect%20width%3D%22768%22%20height%3D%221024%22%20fill%3D%22transparent%22%2F%3E%3C%2Fsvg%3E\" alt=\"Sennheiser HF antennes micro casque longue port\u00e9e\" width=\"540\" height=\"720\" old-srcset=\"https:\/\/mlpbnbifhtdl.i.optimole.com\/cb:Cy3u.b2dd\/w:768\/h:1080\/q:mauto\/g:sm\/f:best\/https:\/\/dcievent.com\/wp-content\/uploads\/2017\/08\/Saint%20Jean%20de%20Luz%20Ducontenia%20spectacle%20live.jpg 768w, https:\/\/mlpbnbifhtdl.i.optimole.com\/cb:Cy3u.b2dd\/w:225\/h:1080\/q:mauto\/g:sm\/f:best\/https:\/\/dcievent.com\/wp-content\/uploads\/2017\/08\/Saint%20Jean%20de%20Luz%20Ducontenia%20spectacle%20live.jpg 225w, https:\/\/mlpbnbifhtdl.i.optimole.com\/cb:Cy3u.b2dd\/w:720\/h:960\/q:mauto\/g:sm\/f:best\/https:\/\/dcievent.com\/wp-content\/uploads\/2017\/08\/Saint%20Jean%20de%20Luz%20Ducontenia%20spectacle%20live.jpg 720w\" \/><figcaption id=\"caption-attachment-1547\" class=\"wp-caption-text\">Antennes pour syst\u00e8mes HF Sennheiser, avec line array LA10-3V, front fill CX12 et sub SB218 en fond<\/figcaption><\/figure>\n<p>Vous pourrez trouver ici un article du Sud Ouest r\u00e9sumant le spectacle, accompagn\u00e9 de quelques photos !<a href=\"http:\/\/www.sudouest.fr\/2017\/06\/23\/saint-jean-de-luz-le-spectacle-gernika-est-passe-entre-les-gouttes-3558390-4383.php\" target=\"_blank\" rel=\"noopener\"><em>http:\/\/www.sudouest.fr\/2017\/06\/23\/saint-jean-de-luz-le-spectacle-gernika-est-passe-entre-les-gouttes-3558390-4383.php<\/em><\/a><\/p>\n","protected":false},"excerpt":{"rendered":"<p>En parall\u00e8le du spectacle de Musculdy, DCI a travaill\u00e9 sur un autre spectacle intitul\u00e9 &#8220;Gernika&#8221;, pour l&#8217;anniversaire des 80 ans du bombardement de la ville de Guernica. Ce spectacle mis &#8230;<\/p>\n","protected":false},"author":1,"featured_media":1549,"comment_status":"closed","ping_status":"closed","sticky":false,"template":"","format":"standard","meta":{"footnotes":""},"categories":[9,48],"tags":[],"class_list":["post-1544","post","type-post","status-publish","format-standard","has-post-thumbnail","hentry","category-spectacle-vivant","category-video"],"yoast_head":"<!-- This site is optimized with the Yoast SEO plugin v27.5 - https:\/\/yoast.com\/product\/yoast-seo-wordpress\/ -->\n<title>Gernika - Saint Jean de Luz - 2017 - DCI Event - Prestataire Technique Audiovisuel<\/title>\n<meta name=\"robots\" content=\"index, follow, max-snippet:-1, max-image-preview:large, max-video-preview:-1\" \/>\n<link rel=\"canonical\" href=\"https:\/\/dcievent.com\/index.php\/2017\/06\/20\/gernika-saint-jean-de-luz-2017\/\" \/>\n<meta property=\"og:locale\" content=\"fr_FR\" \/>\n<meta property=\"og:type\" content=\"article\" \/>\n<meta property=\"og:title\" content=\"Gernika - Saint Jean de Luz - 2017 - DCI Event - Prestataire Technique Audiovisuel\" \/>\n<meta property=\"og:description\" content=\"En parall\u00e8le du spectacle de Musculdy, DCI a travaill\u00e9 sur un autre spectacle intitul\u00e9 &#8220;Gernika&#8221;, pour l&#8217;anniversaire des 80 ans du bombardement de la ville de Guernica. Ce spectacle mis ...\" \/>\n<meta property=\"og:url\" content=\"https:\/\/dcievent.com\/index.php\/2017\/06\/20\/gernika-saint-jean-de-luz-2017\/\" \/>\n<meta property=\"og:site_name\" content=\"DCI Event - Prestataire Technique Audiovisuel\" \/>\n<meta property=\"article:publisher\" content=\"http:\/\/www.facebook.com\/dcievent\" \/>\n<meta property=\"article:published_time\" content=\"2017-06-20T08:26:33+00:00\" \/>\n<meta property=\"article:modified_time\" content=\"2017-08-07T09:03:39+00:00\" \/>\n<meta property=\"og:image\" content=\"https:\/\/mlpbnbifhtdl.i.optimole.com\/cb:Cy3u.b2dd\/w:auto\/h:auto\/q:mauto\/g:sm\/f:best\/https:\/\/dcievent.com\/wp-content\/uploads\/2017\/08\/spectacle-gernika-ducontenia-dci-event-2017.jpg\" \/>\n\t<meta property=\"og:image:width\" content=\"1080\" \/>\n\t<meta property=\"og:image:height\" content=\"810\" \/>\n\t<meta property=\"og:image:type\" content=\"image\/jpeg\" \/>\n<meta name=\"author\" content=\"Xabi\" \/>\n<meta name=\"twitter:card\" content=\"summary_large_image\" \/>\n<meta name=\"twitter:label1\" content=\"\u00c9crit par\" \/>\n\t<meta name=\"twitter:data1\" content=\"Xabi\" \/>\n\t<meta name=\"twitter:label2\" content=\"Dur\u00e9e de lecture estim\u00e9e\" \/>\n\t<meta name=\"twitter:data2\" content=\"1 minute\" \/>\n<script type=\"application\/ld+json\" class=\"yoast-schema-graph\">{\"@context\":\"https:\\\/\\\/schema.org\",\"@graph\":[{\"@type\":\"Article\",\"@id\":\"https:\\\/\\\/dcievent.com\\\/index.php\\\/2017\\\/06\\\/20\\\/gernika-saint-jean-de-luz-2017\\\/#article\",\"isPartOf\":{\"@id\":\"https:\\\/\\\/dcievent.com\\\/index.php\\\/2017\\\/06\\\/20\\\/gernika-saint-jean-de-luz-2017\\\/\"},\"author\":{\"name\":\"Xabi\",\"@id\":\"https:\\\/\\\/dcievent.com\\\/#\\\/schema\\\/person\\\/786a6bd7924d8a08fe637749e17581df\"},\"headline\":\"Gernika &#8211; Saint Jean de Luz &#8211; 2017\",\"datePublished\":\"2017-06-20T08:26:33+00:00\",\"dateModified\":\"2017-08-07T09:03:39+00:00\",\"mainEntityOfPage\":{\"@id\":\"https:\\\/\\\/dcievent.com\\\/index.php\\\/2017\\\/06\\\/20\\\/gernika-saint-jean-de-luz-2017\\\/\"},\"wordCount\":278,\"publisher\":{\"@id\":\"https:\\\/\\\/dcievent.com\\\/#organization\"},\"image\":{\"@id\":\"https:\\\/\\\/dcievent.com\\\/index.php\\\/2017\\\/06\\\/20\\\/gernika-saint-jean-de-luz-2017\\\/#primaryimage\"},\"thumbnailUrl\":\"https:\\/\\/dcievent.com\\/wp-content\\/uploads\\/2017\\/08\\/spectacle-gernika-ducontenia-dci-event-2017.jpg\",\"articleSection\":[\"Spectacle vivant\",\"Vid\u00e9o\"],\"inLanguage\":\"fr-FR\"},{\"@type\":\"WebPage\",\"@id\":\"https:\\\/\\\/dcievent.com\\\/index.php\\\/2017\\\/06\\\/20\\\/gernika-saint-jean-de-luz-2017\\\/\",\"url\":\"https:\\\/\\\/dcievent.com\\\/index.php\\\/2017\\\/06\\\/20\\\/gernika-saint-jean-de-luz-2017\\\/\",\"name\":\"Gernika - Saint Jean de Luz - 2017 - DCI Event - Prestataire Technique Audiovisuel\",\"isPartOf\":{\"@id\":\"https:\\\/\\\/dcievent.com\\\/#website\"},\"primaryImageOfPage\":{\"@id\":\"https:\\\/\\\/dcievent.com\\\/index.php\\\/2017\\\/06\\\/20\\\/gernika-saint-jean-de-luz-2017\\\/#primaryimage\"},\"image\":{\"@id\":\"https:\\\/\\\/dcievent.com\\\/index.php\\\/2017\\\/06\\\/20\\\/gernika-saint-jean-de-luz-2017\\\/#primaryimage\"},\"thumbnailUrl\":\"https:\\/\\/dcievent.com\\/wp-content\\/uploads\\/2017\\/08\\/spectacle-gernika-ducontenia-dci-event-2017.jpg\",\"datePublished\":\"2017-06-20T08:26:33+00:00\",\"dateModified\":\"2017-08-07T09:03:39+00:00\",\"breadcrumb\":{\"@id\":\"https:\\\/\\\/dcievent.com\\\/index.php\\\/2017\\\/06\\\/20\\\/gernika-saint-jean-de-luz-2017\\\/#breadcrumb\"},\"inLanguage\":\"fr-FR\",\"potentialAction\":[{\"@type\":\"ReadAction\",\"target\":[\"https:\\\/\\\/dcievent.com\\\/index.php\\\/2017\\\/06\\\/20\\\/gernika-saint-jean-de-luz-2017\\\/\"]}]},{\"@type\":\"ImageObject\",\"inLanguage\":\"fr-FR\",\"@id\":\"https:\\\/\\\/dcievent.com\\\/index.php\\\/2017\\\/06\\\/20\\\/gernika-saint-jean-de-luz-2017\\\/#primaryimage\",\"url\":\"https:\\/\\/dcievent.com\\/wp-content\\/uploads\\/2017\\/08\\/spectacle-gernika-ducontenia-dci-event-2017.jpg\",\"contentUrl\":\"https:\\/\\/dcievent.com\\/wp-content\\/uploads\\/2017\\/08\\/spectacle-gernika-ducontenia-dci-event-2017.jpg\",\"width\":1080,\"height\":810,\"caption\":\"Vue de la r\u00e9gie pendant le spectacle, \u00e9clairage trad et LED\"},{\"@type\":\"BreadcrumbList\",\"@id\":\"https:\\\/\\\/dcievent.com\\\/index.php\\\/2017\\\/06\\\/20\\\/gernika-saint-jean-de-luz-2017\\\/#breadcrumb\",\"itemListElement\":[{\"@type\":\"ListItem\",\"position\":1,\"name\":\"Accueil\",\"item\":\"https:\\\/\\\/dcievent.com\\\/\"},{\"@type\":\"ListItem\",\"position\":2,\"name\":\"Gernika &#8211; Saint Jean de Luz &#8211; 2017\"}]},{\"@type\":\"WebSite\",\"@id\":\"https:\\\/\\\/dcievent.com\\\/#website\",\"url\":\"https:\\\/\\\/dcievent.com\\\/\",\"name\":\"DCI Event\",\"description\":\"Location sonorisation, int\u00e9grateur audiovisuel, r\u00e9gie technique de spectacle\",\"publisher\":{\"@id\":\"https:\\\/\\\/dcievent.com\\\/#organization\"},\"potentialAction\":[{\"@type\":\"SearchAction\",\"target\":{\"@type\":\"EntryPoint\",\"urlTemplate\":\"https:\\\/\\\/dcievent.com\\\/?s={search_term_string}\"},\"query-input\":{\"@type\":\"PropertyValueSpecification\",\"valueRequired\":true,\"valueName\":\"search_term_string\"}}],\"inLanguage\":\"fr-FR\"},{\"@type\":\"Organization\",\"@id\":\"https:\\\/\\\/dcievent.com\\\/#organization\",\"name\":\"DCI event\",\"url\":\"https:\\\/\\\/dcievent.com\\\/\",\"logo\":{\"@type\":\"ImageObject\",\"inLanguage\":\"fr-FR\",\"@id\":\"https:\\\/\\\/dcievent.com\\\/#\\\/schema\\\/logo\\\/image\\\/\",\"url\":\"https:\\/\\/dcievent.com\\/wp-content\\/uploads\\/2024\\/01\\/cropped-cropped-DCI_LogoEvent_CMJN_HD-scaled-1.jpg\",\"contentUrl\":\"https:\\/\\/dcievent.com\\/wp-content\\/uploads\\/2024\\/01\\/cropped-cropped-DCI_LogoEvent_CMJN_HD-scaled-1.jpg\",\"width\":512,\"height\":512,\"caption\":\"DCI event\"},\"image\":{\"@id\":\"https:\\\/\\\/dcievent.com\\\/#\\\/schema\\\/logo\\\/image\\\/\"},\"sameAs\":[\"http:\\\/\\\/www.facebook.com\\\/dcievent\",\"http:\\\/\\\/www.instagram.com\\\/dcievent\"]},{\"@type\":\"Person\",\"@id\":\"https:\\\/\\\/dcievent.com\\\/#\\\/schema\\\/person\\\/786a6bd7924d8a08fe637749e17581df\",\"name\":\"Xabi\",\"image\":{\"@type\":\"ImageObject\",\"inLanguage\":\"fr-FR\",\"@id\":\"https:\\\/\\\/secure.gravatar.com\\\/avatar\\\/edb7a485a3591918f7cc1c3a167ff2b013273a0f828af59e9d4e76c336add007?s=96&d=mm&r=g\",\"url\":\"https:\\\/\\\/secure.gravatar.com\\\/avatar\\\/edb7a485a3591918f7cc1c3a167ff2b013273a0f828af59e9d4e76c336add007?s=96&d=mm&r=g\",\"contentUrl\":\"https:\\\/\\\/secure.gravatar.com\\\/avatar\\\/edb7a485a3591918f7cc1c3a167ff2b013273a0f828af59e9d4e76c336add007?s=96&d=mm&r=g\",\"caption\":\"Xabi\"}}]}<\/script>\n<!-- \/ Yoast SEO plugin. -->","yoast_head_json":{"title":"Gernika - Saint Jean de Luz - 2017 - DCI Event - Prestataire Technique Audiovisuel","robots":{"index":"index","follow":"follow","max-snippet":"max-snippet:-1","max-image-preview":"max-image-preview:large","max-video-preview":"max-video-preview:-1"},"canonical":"https:\/\/dcievent.com\/index.php\/2017\/06\/20\/gernika-saint-jean-de-luz-2017\/","og_locale":"fr_FR","og_type":"article","og_title":"Gernika - Saint Jean de Luz - 2017 - DCI Event - Prestataire Technique Audiovisuel","og_description":"En parall\u00e8le du spectacle de Musculdy, DCI a travaill\u00e9 sur un autre spectacle intitul\u00e9 &#8220;Gernika&#8221;, pour l&#8217;anniversaire des 80 ans du bombardement de la ville de Guernica. Ce spectacle mis ...","og_url":"https:\/\/dcievent.com\/index.php\/2017\/06\/20\/gernika-saint-jean-de-luz-2017\/","og_site_name":"DCI Event - Prestataire Technique Audiovisuel","article_publisher":"http:\/\/www.facebook.com\/dcievent","article_published_time":"2017-06-20T08:26:33+00:00","article_modified_time":"2017-08-07T09:03:39+00:00","og_image":[{"width":1080,"height":810,"url":"https:\/\/mlpbnbifhtdl.i.optimole.com\/cb:Cy3u.b2dd\/w:auto\/h:auto\/q:mauto\/g:sm\/f:best\/https:\/\/dcievent.com\/wp-content\/uploads\/2017\/08\/spectacle-gernika-ducontenia-dci-event-2017.jpg","type":"image\/jpeg"}],"author":"Xabi","twitter_card":"summary_large_image","twitter_misc":{"\u00c9crit par":"Xabi","Dur\u00e9e de lecture estim\u00e9e":"1 minute"},"schema":{"@context":"https:\/\/schema.org","@graph":[{"@type":"Article","@id":"https:\/\/dcievent.com\/index.php\/2017\/06\/20\/gernika-saint-jean-de-luz-2017\/#article","isPartOf":{"@id":"https:\/\/dcievent.com\/index.php\/2017\/06\/20\/gernika-saint-jean-de-luz-2017\/"},"author":{"name":"Xabi","@id":"https:\/\/dcievent.com\/#\/schema\/person\/786a6bd7924d8a08fe637749e17581df"},"headline":"Gernika &#8211; Saint Jean de Luz &#8211; 2017","datePublished":"2017-06-20T08:26:33+00:00","dateModified":"2017-08-07T09:03:39+00:00","mainEntityOfPage":{"@id":"https:\/\/dcievent.com\/index.php\/2017\/06\/20\/gernika-saint-jean-de-luz-2017\/"},"wordCount":278,"publisher":{"@id":"https:\/\/dcievent.com\/#organization"},"image":{"@id":"https:\/\/dcievent.com\/index.php\/2017\/06\/20\/gernika-saint-jean-de-luz-2017\/#primaryimage"},"thumbnailUrl":"https:\/\/mlpbnbifhtdl.i.optimole.com\/cb:Cy3u.b2dd\/w:auto\/h:auto\/q:mauto\/g:sm\/f:best\/https:\/\/dcievent.com\/wp-content\/uploads\/2017\/08\/spectacle-gernika-ducontenia-dci-event-2017.jpg","articleSection":["Spectacle vivant","Vid\u00e9o"],"inLanguage":"fr-FR"},{"@type":"WebPage","@id":"https:\/\/dcievent.com\/index.php\/2017\/06\/20\/gernika-saint-jean-de-luz-2017\/","url":"https:\/\/dcievent.com\/index.php\/2017\/06\/20\/gernika-saint-jean-de-luz-2017\/","name":"Gernika - Saint Jean de Luz - 2017 - DCI Event - Prestataire Technique Audiovisuel","isPartOf":{"@id":"https:\/\/dcievent.com\/#website"},"primaryImageOfPage":{"@id":"https:\/\/dcievent.com\/index.php\/2017\/06\/20\/gernika-saint-jean-de-luz-2017\/#primaryimage"},"image":{"@id":"https:\/\/dcievent.com\/index.php\/2017\/06\/20\/gernika-saint-jean-de-luz-2017\/#primaryimage"},"thumbnailUrl":"https:\/\/mlpbnbifhtdl.i.optimole.com\/cb:Cy3u.b2dd\/w:auto\/h:auto\/q:mauto\/g:sm\/f:best\/https:\/\/dcievent.com\/wp-content\/uploads\/2017\/08\/spectacle-gernika-ducontenia-dci-event-2017.jpg","datePublished":"2017-06-20T08:26:33+00:00","dateModified":"2017-08-07T09:03:39+00:00","breadcrumb":{"@id":"https:\/\/dcievent.com\/index.php\/2017\/06\/20\/gernika-saint-jean-de-luz-2017\/#breadcrumb"},"inLanguage":"fr-FR","potentialAction":[{"@type":"ReadAction","target":["https:\/\/dcievent.com\/index.php\/2017\/06\/20\/gernika-saint-jean-de-luz-2017\/"]}]},{"@type":"ImageObject","inLanguage":"fr-FR","@id":"https:\/\/dcievent.com\/index.php\/2017\/06\/20\/gernika-saint-jean-de-luz-2017\/#primaryimage","url":"https:\/\/mlpbnbifhtdl.i.optimole.com\/cb:Cy3u.b2dd\/w:auto\/h:auto\/q:mauto\/g:sm\/f:best\/https:\/\/dcievent.com\/wp-content\/uploads\/2017\/08\/spectacle-gernika-ducontenia-dci-event-2017.jpg","contentUrl":"https:\/\/mlpbnbifhtdl.i.optimole.com\/cb:Cy3u.b2dd\/w:auto\/h:auto\/q:mauto\/g:sm\/f:best\/https:\/\/dcievent.com\/wp-content\/uploads\/2017\/08\/spectacle-gernika-ducontenia-dci-event-2017.jpg","width":1080,"height":810,"caption":"Vue de la r\u00e9gie pendant le spectacle, \u00e9clairage trad et LED"},{"@type":"BreadcrumbList","@id":"https:\/\/dcievent.com\/index.php\/2017\/06\/20\/gernika-saint-jean-de-luz-2017\/#breadcrumb","itemListElement":[{"@type":"ListItem","position":1,"name":"Accueil","item":"https:\/\/dcievent.com\/"},{"@type":"ListItem","position":2,"name":"Gernika &#8211; Saint Jean de Luz &#8211; 2017"}]},{"@type":"WebSite","@id":"https:\/\/dcievent.com\/#website","url":"https:\/\/dcievent.com\/","name":"DCI Event","description":"Location sonorisation, int\u00e9grateur audiovisuel, r\u00e9gie technique de spectacle","publisher":{"@id":"https:\/\/dcievent.com\/#organization"},"potentialAction":[{"@type":"SearchAction","target":{"@type":"EntryPoint","urlTemplate":"https:\/\/dcievent.com\/?s={search_term_string}"},"query-input":{"@type":"PropertyValueSpecification","valueRequired":true,"valueName":"search_term_string"}}],"inLanguage":"fr-FR"},{"@type":"Organization","@id":"https:\/\/dcievent.com\/#organization","name":"DCI event","url":"https:\/\/dcievent.com\/","logo":{"@type":"ImageObject","inLanguage":"fr-FR","@id":"https:\/\/dcievent.com\/#\/schema\/logo\/image\/","url":"https:\/\/mlpbnbifhtdl.i.optimole.com\/cb:Cy3u.b2dd\/w:auto\/h:auto\/q:mauto\/g:sm\/f:best\/https:\/\/dcievent.com\/wp-content\/uploads\/2024\/01\/cropped-cropped-DCI_LogoEvent_CMJN_HD-scaled-1.jpg","contentUrl":"https:\/\/mlpbnbifhtdl.i.optimole.com\/cb:Cy3u.b2dd\/w:auto\/h:auto\/q:mauto\/g:sm\/f:best\/https:\/\/dcievent.com\/wp-content\/uploads\/2024\/01\/cropped-cropped-DCI_LogoEvent_CMJN_HD-scaled-1.jpg","width":512,"height":512,"caption":"DCI event"},"image":{"@id":"https:\/\/dcievent.com\/#\/schema\/logo\/image\/"},"sameAs":["http:\/\/www.facebook.com\/dcievent","http:\/\/www.instagram.com\/dcievent"]},{"@type":"Person","@id":"https:\/\/dcievent.com\/#\/schema\/person\/786a6bd7924d8a08fe637749e17581df","name":"Xabi","image":{"@type":"ImageObject","inLanguage":"fr-FR","@id":"https:\/\/secure.gravatar.com\/avatar\/edb7a485a3591918f7cc1c3a167ff2b013273a0f828af59e9d4e76c336add007?s=96&d=mm&r=g","url":"https:\/\/secure.gravatar.com\/avatar\/edb7a485a3591918f7cc1c3a167ff2b013273a0f828af59e9d4e76c336add007?s=96&d=mm&r=g","contentUrl":"https:\/\/secure.gravatar.com\/avatar\/edb7a485a3591918f7cc1c3a167ff2b013273a0f828af59e9d4e76c336add007?s=96&d=mm&r=g","caption":"Xabi"}}]}},"_links":{"self":[{"href":"https:\/\/dcievent.com\/index.php\/wp-json\/wp\/v2\/posts\/1544","targetHints":{"allow":["GET"]}}],"collection":[{"href":"https:\/\/dcievent.com\/index.php\/wp-json\/wp\/v2\/posts"}],"about":[{"href":"https:\/\/dcievent.com\/index.php\/wp-json\/wp\/v2\/types\/post"}],"author":[{"embeddable":true,"href":"https:\/\/dcievent.com\/index.php\/wp-json\/wp\/v2\/users\/1"}],"replies":[{"embeddable":true,"href":"https:\/\/dcievent.com\/index.php\/wp-json\/wp\/v2\/comments?post=1544"}],"version-history":[{"count":3,"href":"https:\/\/dcievent.com\/index.php\/wp-json\/wp\/v2\/posts\/1544\/revisions"}],"predecessor-version":[{"id":1551,"href":"https:\/\/dcievent.com\/index.php\/wp-json\/wp\/v2\/posts\/1544\/revisions\/1551"}],"wp:featuredmedia":[{"embeddable":true,"href":"https:\/\/dcievent.com\/index.php\/wp-json\/wp\/v2\/media\/1549"}],"wp:attachment":[{"href":"https:\/\/dcievent.com\/index.php\/wp-json\/wp\/v2\/media?parent=1544"}],"wp:term":[{"taxonomy":"category","embeddable":true,"href":"https:\/\/dcievent.com\/index.php\/wp-json\/wp\/v2\/categories?post=1544"},{"taxonomy":"post_tag","embeddable":true,"href":"https:\/\/dcievent.com\/index.php\/wp-json\/wp\/v2\/tags?post=1544"}],"curies":[{"name":"wp","href":"https:\/\/api.w.org\/{rel}","templated":true}]}}