{"id":1389,"date":"2017-02-03T14:15:20","date_gmt":"2017-02-03T13:15:20","guid":{"rendered":"http:\/\/www.dcievent.com\/?p=1389"},"modified":"2017-02-07T11:08:06","modified_gmt":"2017-02-07T10:08:06","slug":"fetes-de-la-bixintxo-hendaye-2017","status":"publish","type":"post","link":"https:\/\/dcievent.com\/index.php\/2017\/02\/03\/fetes-de-la-bixintxo-hendaye-2017\/","title":{"rendered":"F\u00eates de la Bixintxo &#8211; Hendaye &#8211; 2017"},"content":{"rendered":"<p>Les weekends du 20 au 22 et du 27 au 29, les \u00e9v\u00e9nements des f\u00eates de la Bixintxo \u00e0 Hendaye ont \u00e9t\u00e9 couverts par DCI :<\/p>\n<ul>\n<li>le d\u00e9fil\u00e9 de Pellot \u00e0 la mairie<\/li>\n<li>le concours d&#8217;omelettes sous chapiteau<\/li>\n<li>le concours de fandango<\/li>\n<li>la tamborada devant la mairie<\/li>\n<li>Herri Kantu<\/li>\n<li>le grand concert Niko Etxart et Root System au complexe Belcenia<\/li>\n<\/ul>\n<p>&nbsp;<\/p>\n<p>Photos des \u00e9v\u00e9nements disponibles sur les liens suivants :<\/p>\n<h3><span style=\"color: #000000;\"><span style=\"color: #3366ff;\"><a style=\"color: #3366ff;\" href=\"https:\/\/www.facebook.com\/pg\/begira.ManuAmado\/photos\/?tab=album&amp;album_id=1798177190432881\">Niko Etxart<\/a><\/span> \/ <span style=\"color: #3366ff;\"><a style=\"color: #3366ff;\" href=\"https:\/\/www.facebook.com\/pg\/begira.ManuAmado\/photos\/?tab=album&amp;album_id=1798475590403041\">Root System<\/a><\/span><\/span><\/h3>\n<p><a href=\"https:\/\/mlpbnbifhtdl.i.optimole.com\/cb:Cy3u.b2dd\/w:auto\/h:auto\/q:mauto\/g:sm\/f:best\/http:\/\/dcievent.com\/wp-content\/uploads\/2017\/02\/root-system.jpg\"><img data-opt-id=1390970126  fetchpriority=\"high\" decoding=\"async\" class=\" wp-image-1395 alignnone\" src=\"https:\/\/mlpbnbifhtdl.i.optimole.com\/cb:Cy3u.b2dd\/w:auto\/h:auto\/q:mauto\/g:sm\/f:best\/http:\/\/dcievent.com\/wp-content\/uploads\/2017\/02\/root-system.jpg\" alt=\"Root System Bixintxo Hendaye 2017\" width=\"483\" height=\"483\" srcset=\"https:\/\/mlpbnbifhtdl.i.optimole.com\/cb:Cy3u.b2dd\/w:480\/h:480\/q:mauto\/g:sm\/f:best\/https:\/\/dcievent.com\/wp-content\/uploads\/2017\/02\/root-system.jpg 480w, https:\/\/mlpbnbifhtdl.i.optimole.com\/cb:Cy3u.b2dd\/w:150\/h:150\/q:mauto\/g:sm\/f:best\/https:\/\/dcievent.com\/wp-content\/uploads\/2017\/02\/root-system.jpg 150w, https:\/\/mlpbnbifhtdl.i.optimole.com\/cb:Cy3u.b2dd\/w:300\/h:300\/q:mauto\/g:sm\/f:best\/https:\/\/dcievent.com\/wp-content\/uploads\/2017\/02\/root-system.jpg 300w\" sizes=\"(max-width: 483px) 100vw, 483px\" \/><br \/>\n<\/a><\/p>\n<p><a href=\"https:\/\/mlpbnbifhtdl.i.optimole.com\/cb:Cy3u.b2dd\/w:auto\/h:auto\/q:mauto\/g:sm\/f:best\/http:\/\/dcievent.com\/wp-content\/uploads\/2017\/02\/niko-etxart.jpg\"><img data-opt-id=318191113  data-opt-src=\"https:\/\/mlpbnbifhtdl.i.optimole.com\/cb:Cy3u.b2dd\/w:auto\/h:auto\/q:mauto\/g:sm\/f:best\/http:\/\/dcievent.com\/wp-content\/uploads\/2017\/02\/niko-etxart.jpg\"  decoding=\"async\" class=\"alignnone wp-image-1394\" src=\"data:image/svg+xml,%3Csvg%20viewBox%3D%220%200%20100%%20100%%22%20width%3D%22100%%22%20height%3D%22100%%22%20xmlns%3D%22http%3A%2F%2Fwww.w3.org%2F2000%2Fsvg%22%3E%3Crect%20width%3D%22100%%22%20height%3D%22100%%22%20fill%3D%22transparent%22%2F%3E%3C%2Fsvg%3E\" alt=\"Niko Etxart Bixinxto Hendaye 2017\" width=\"683\" height=\"333\" old-srcset=\"https:\/\/mlpbnbifhtdl.i.optimole.com\/cb:Cy3u.b2dd\/w:800\/h:390\/q:mauto\/g:sm\/f:best\/https:\/\/dcievent.com\/wp-content\/uploads\/2017\/02\/niko-etxart.jpg 800w, https:\/\/mlpbnbifhtdl.i.optimole.com\/cb:Cy3u.b2dd\/w:300\/h:146\/q:mauto\/g:sm\/f:best\/https:\/\/dcievent.com\/wp-content\/uploads\/2017\/02\/niko-etxart.jpg 300w, https:\/\/mlpbnbifhtdl.i.optimole.com\/cb:Cy3u.b2dd\/w:768\/h:374\/q:mauto\/g:sm\/f:best\/https:\/\/dcievent.com\/wp-content\/uploads\/2017\/02\/niko-etxart.jpg 768w\" \/><\/a><\/p>\n<p><a href=\"https:\/\/mlpbnbifhtdl.i.optimole.com\/cb:Cy3u.b2dd\/w:auto\/h:auto\/q:mauto\/g:sm\/f:best\/http:\/\/dcievent.com\/wp-content\/uploads\/2017\/02\/défilé-de-pellot-mairie-hendaye-sonorisation-eclairage-architectural-DCI-event.jpg\"><img data-opt-id=1083195545  data-opt-src=\"https:\/\/mlpbnbifhtdl.i.optimole.com\/cb:Cy3u.b2dd\/w:auto\/h:auto\/q:mauto\/g:sm\/f:best\/http:\/\/dcievent.com\/wp-content\/uploads\/2017\/02\/défilé-de-pellot-mairie-hendaye-sonorisation-eclairage-architectural-DCI-event.jpg\"  decoding=\"async\" class=\"alignnone size-full wp-image-1393\" src=\"data:image/svg+xml,%3Csvg%20viewBox%3D%220%200%20100%%20100%%22%20width%3D%22100%%22%20height%3D%22100%%22%20xmlns%3D%22http%3A%2F%2Fwww.w3.org%2F2000%2Fsvg%22%3E%3Crect%20width%3D%22100%%22%20height%3D%22100%%22%20fill%3D%22transparent%22%2F%3E%3C%2Fsvg%3E\" alt=\"D\u00e9fil\u00e9 de Pellot Bixintxo Hendaye 2017\" width=\"480\" height=\"390\" old-srcset=\"https:\/\/mlpbnbifhtdl.i.optimole.com\/cb:Cy3u.b2dd\/w:480\/h:390\/q:mauto\/g:sm\/f:best\/https:\/\/dcievent.com\/wp-content\/uploads\/2017\/02\/d\u00e9fil\u00e9-de-pellot-mairie-hendaye-sonorisation-eclairage-architectural-DCI-event.jpg 480w, https:\/\/mlpbnbifhtdl.i.optimole.com\/cb:Cy3u.b2dd\/w:300\/h:244\/q:mauto\/g:sm\/f:best\/https:\/\/dcievent.com\/wp-content\/uploads\/2017\/02\/d\u00e9fil\u00e9-de-pellot-mairie-hendaye-sonorisation-eclairage-architectural-DCI-event.jpg 300w\" \/><\/a><\/p>\n<p><a href=\"https:\/\/mlpbnbifhtdl.i.optimole.com\/cb:Cy3u.b2dd\/w:auto\/h:auto\/q:mauto\/g:sm\/f:best\/http:\/\/dcievent.com\/wp-content\/uploads\/2017\/02\/tamborada.jpg\"><img data-opt-id=830437979  data-opt-src=\"https:\/\/mlpbnbifhtdl.i.optimole.com\/cb:Cy3u.b2dd\/w:1024\/h:576\/q:mauto\/g:sm\/f:best\/http:\/\/dcievent.com\/wp-content\/uploads\/2017\/02\/tamborada.jpg\"  decoding=\"async\" class=\"alignnone wp-image-1396\" src=\"data:image/svg+xml,%3Csvg%20viewBox%3D%220%200%201024%20576%22%20width%3D%221024%22%20height%3D%22576%22%20xmlns%3D%22http%3A%2F%2Fwww.w3.org%2F2000%2Fsvg%22%3E%3Crect%20width%3D%221024%22%20height%3D%22576%22%20fill%3D%22transparent%22%2F%3E%3C%2Fsvg%3E\" alt=\"Tamborada Bixintxo Hendaye 2017\" width=\"481\" height=\"270\" old-srcset=\"https:\/\/mlpbnbifhtdl.i.optimole.com\/cb:Cy3u.b2dd\/w:1024\/h:576\/q:mauto\/g:sm\/f:best\/https:\/\/dcievent.com\/wp-content\/uploads\/2017\/02\/tamborada.jpg 1024w, https:\/\/mlpbnbifhtdl.i.optimole.com\/cb:Cy3u.b2dd\/w:300\/h:169\/q:mauto\/g:sm\/f:best\/https:\/\/dcievent.com\/wp-content\/uploads\/2017\/02\/tamborada.jpg 300w, https:\/\/mlpbnbifhtdl.i.optimole.com\/cb:Cy3u.b2dd\/w:768\/h:432\/q:mauto\/g:sm\/f:best\/https:\/\/dcievent.com\/wp-content\/uploads\/2017\/02\/tamborada.jpg 768w, https:\/\/mlpbnbifhtdl.i.optimole.com\/cb:Cy3u.b2dd\/w:1080\/h:608\/q:mauto\/g:sm\/f:best\/https:\/\/dcievent.com\/wp-content\/uploads\/2017\/02\/tamborada.jpg 1080w\" \/><\/a><\/p>\n<p><a href=\"https:\/\/mlpbnbifhtdl.i.optimole.com\/cb:Cy3u.b2dd\/w:auto\/h:auto\/q:mauto\/g:sm\/f:best\/http:\/\/dcievent.com\/wp-content\/uploads\/2017\/02\/concours-d-omelette-ecoles-hendaye-animation-micro-DJ-DCI-event.jpg\"><img data-opt-id=1528743460  data-opt-src=\"https:\/\/mlpbnbifhtdl.i.optimole.com\/cb:Cy3u.b2dd\/w:1024\/h:768\/q:mauto\/g:sm\/f:best\/http:\/\/dcievent.com\/wp-content\/uploads\/2017\/02\/concours-d-omelette-ecoles-hendaye-animation-micro-DJ-DCI-event.jpg\"  decoding=\"async\" class=\"alignnone wp-image-1392\" src=\"data:image/svg+xml,%3Csvg%20viewBox%3D%220%200%201024%20768%22%20width%3D%221024%22%20height%3D%22768%22%20xmlns%3D%22http%3A%2F%2Fwww.w3.org%2F2000%2Fsvg%22%3E%3Crect%20width%3D%221024%22%20height%3D%22768%22%20fill%3D%22transparent%22%2F%3E%3C%2Fsvg%3E\" alt=\"Concours d'omelette Bixintxo Hendaye 2017\" width=\"480\" height=\"360\" old-srcset=\"https:\/\/mlpbnbifhtdl.i.optimole.com\/cb:Cy3u.b2dd\/w:1024\/h:768\/q:mauto\/g:sm\/f:best\/https:\/\/dcievent.com\/wp-content\/uploads\/2017\/02\/concours-d-omelette-ecoles-hendaye-animation-micro-DJ-DCI-event.jpg 1024w, https:\/\/mlpbnbifhtdl.i.optimole.com\/cb:Cy3u.b2dd\/w:300\/h:225\/q:mauto\/g:sm\/f:best\/https:\/\/dcievent.com\/wp-content\/uploads\/2017\/02\/concours-d-omelette-ecoles-hendaye-animation-micro-DJ-DCI-event.jpg 300w, https:\/\/mlpbnbifhtdl.i.optimole.com\/cb:Cy3u.b2dd\/w:768\/h:576\/q:mauto\/g:sm\/f:best\/https:\/\/dcievent.com\/wp-content\/uploads\/2017\/02\/concours-d-omelette-ecoles-hendaye-animation-micro-DJ-DCI-event.jpg 768w, https:\/\/mlpbnbifhtdl.i.optimole.com\/cb:Cy3u.b2dd\/w:1032\/h:774\/q:mauto\/g:sm\/f:best\/https:\/\/dcievent.com\/wp-content\/uploads\/2017\/02\/concours-d-omelette-ecoles-hendaye-animation-micro-DJ-DCI-event.jpg 1032w\" \/><\/a><\/p>\n<p><a href=\"https:\/\/mlpbnbifhtdl.i.optimole.com\/cb:Cy3u.b2dd\/w:auto\/h:auto\/q:mauto\/g:sm\/f:best\/http:\/\/dcievent.com\/wp-content\/uploads\/2017\/02\/bixintxo-hendaia-sono-lumiere-prise-de-son-banda-harmmonie-DCI-event.jpg\"><img data-opt-id=677691455  data-opt-src=\"https:\/\/mlpbnbifhtdl.i.optimole.com\/cb:Cy3u.b2dd\/w:1024\/h:768\/q:mauto\/g:sm\/f:best\/http:\/\/dcievent.com\/wp-content\/uploads\/2017\/02\/20170128_193735.jpg\"  decoding=\"async\" class=\"alignnone wp-image-1418\" src=\"data:image/svg+xml,%3Csvg%20viewBox%3D%220%200%201024%20768%22%20width%3D%221024%22%20height%3D%22768%22%20xmlns%3D%22http%3A%2F%2Fwww.w3.org%2F2000%2Fsvg%22%3E%3Crect%20width%3D%221024%22%20height%3D%22768%22%20fill%3D%22transparent%22%2F%3E%3C%2Fsvg%3E\" alt=\"tamborada hendaye bixintxo 2017 mairie\" width=\"479\" height=\"359\" old-srcset=\"https:\/\/mlpbnbifhtdl.i.optimole.com\/cb:Cy3u.b2dd\/w:1024\/h:768\/q:mauto\/g:sm\/f:best\/https:\/\/dcievent.com\/wp-content\/uploads\/2017\/02\/bixintxo-hendaia-sono-lumiere-prise-de-son-banda-harmmonie-DCI-event.jpg 1024w, https:\/\/mlpbnbifhtdl.i.optimole.com\/cb:Cy3u.b2dd\/w:300\/h:225\/q:mauto\/g:sm\/f:best\/https:\/\/dcievent.com\/wp-content\/uploads\/2017\/02\/bixintxo-hendaia-sono-lumiere-prise-de-son-banda-harmmonie-DCI-event.jpg 300w, https:\/\/mlpbnbifhtdl.i.optimole.com\/cb:Cy3u.b2dd\/w:768\/h:576\/q:mauto\/g:sm\/f:best\/https:\/\/dcievent.com\/wp-content\/uploads\/2017\/02\/bixintxo-hendaia-sono-lumiere-prise-de-son-banda-harmmonie-DCI-event.jpg 768w, https:\/\/mlpbnbifhtdl.i.optimole.com\/cb:Cy3u.b2dd\/w:1080\/h:810\/q:mauto\/g:sm\/f:best\/https:\/\/dcievent.com\/wp-content\/uploads\/2017\/02\/bixintxo-hendaia-sono-lumiere-prise-de-son-banda-harmmonie-DCI-event.jpg 1080w\" \/><\/a><\/p>\n<p><a href=\"https:\/\/mlpbnbifhtdl.i.optimole.com\/cb:Cy3u.b2dd\/w:auto\/h:auto\/q:mauto\/g:sm\/f:best\/http:\/\/dcievent.com\/wp-content\/uploads\/2017\/02\/defile-cavalcade-hendaye-mairie-tamborrada-sonorisation-DCI-event.jpg\"><img data-opt-id=1919965727  data-opt-src=\"https:\/\/mlpbnbifhtdl.i.optimole.com\/cb:Cy3u.b2dd\/w:1024\/h:768\/q:mauto\/g:sm\/f:best\/http:\/\/dcievent.com\/wp-content\/uploads\/2017\/02\/20170128_193731.jpg\"  decoding=\"async\" class=\"alignnone wp-image-1417\" src=\"data:image/svg+xml,%3Csvg%20viewBox%3D%220%200%201024%20768%22%20width%3D%221024%22%20height%3D%22768%22%20xmlns%3D%22http%3A%2F%2Fwww.w3.org%2F2000%2Fsvg%22%3E%3Crect%20width%3D%221024%22%20height%3D%22768%22%20fill%3D%22transparent%22%2F%3E%3C%2Fsvg%3E\" alt=\"tamborada bixintxo hendaye 2017\" width=\"479\" height=\"359\" old-srcset=\"https:\/\/mlpbnbifhtdl.i.optimole.com\/cb:Cy3u.b2dd\/w:1024\/h:768\/q:mauto\/g:sm\/f:best\/https:\/\/dcievent.com\/wp-content\/uploads\/2017\/02\/defile-cavalcade-hendaye-mairie-tamborrada-sonorisation-DCI-event.jpg 1024w, https:\/\/mlpbnbifhtdl.i.optimole.com\/cb:Cy3u.b2dd\/w:300\/h:225\/q:mauto\/g:sm\/f:best\/https:\/\/dcievent.com\/wp-content\/uploads\/2017\/02\/defile-cavalcade-hendaye-mairie-tamborrada-sonorisation-DCI-event.jpg 300w, https:\/\/mlpbnbifhtdl.i.optimole.com\/cb:Cy3u.b2dd\/w:768\/h:576\/q:mauto\/g:sm\/f:best\/https:\/\/dcievent.com\/wp-content\/uploads\/2017\/02\/defile-cavalcade-hendaye-mairie-tamborrada-sonorisation-DCI-event.jpg 768w, https:\/\/mlpbnbifhtdl.i.optimole.com\/cb:Cy3u.b2dd\/w:1080\/h:810\/q:mauto\/g:sm\/f:best\/https:\/\/dcievent.com\/wp-content\/uploads\/2017\/02\/defile-cavalcade-hendaye-mairie-tamborrada-sonorisation-DCI-event.jpg 1080w\" \/><\/a><\/p>\n","protected":false},"excerpt":{"rendered":"<p>Les weekends du 20 au 22 et du 27 au 29, les \u00e9v\u00e9nements des f\u00eates de la Bixintxo \u00e0 Hendaye ont \u00e9t\u00e9 couverts par DCI : le d\u00e9fil\u00e9 de Pellot &#8230;<\/p>\n","protected":false},"author":1,"featured_media":1393,"comment_status":"closed","ping_status":"closed","sticky":false,"template":"","format":"standard","meta":{"footnotes":""},"categories":[12,8],"tags":[],"class_list":["post-1389","post","type-post","status-publish","format-standard","has-post-thumbnail","hentry","category-100-volts","category-concert"],"yoast_head":"<!-- This site is optimized with the Yoast SEO plugin v27.5 - https:\/\/yoast.com\/product\/yoast-seo-wordpress\/ -->\n<title>F\u00eates de la Bixintxo - Hendaye 2017<\/title>\n<meta name=\"description\" content=\"D\u00e9fil\u00e9 de Pellot, concours d&#039;omelette des Ikastola, tamborada devant la mairie, repas anim\u00e9, mutxiko, concours de fandango, herri kantu \u00e0 Hendaye, Pays Basque\" \/>\n<meta name=\"robots\" content=\"index, follow, max-snippet:-1, max-image-preview:large, max-video-preview:-1\" \/>\n<link rel=\"canonical\" href=\"https:\/\/dcievent.com\/index.php\/2017\/02\/03\/fetes-de-la-bixintxo-hendaye-2017\/\" \/>\n<meta property=\"og:locale\" content=\"fr_FR\" \/>\n<meta property=\"og:type\" content=\"article\" \/>\n<meta property=\"og:title\" content=\"F\u00eates de la Bixintxo - Hendaye 2017\" \/>\n<meta property=\"og:description\" content=\"D\u00e9fil\u00e9 de Pellot, concours d&#039;omelette des Ikastola, tamborada devant la mairie, repas anim\u00e9, mutxiko, concours de fandango, herri kantu \u00e0 Hendaye, Pays Basque\" \/>\n<meta property=\"og:url\" content=\"https:\/\/dcievent.com\/index.php\/2017\/02\/03\/fetes-de-la-bixintxo-hendaye-2017\/\" \/>\n<meta property=\"og:site_name\" content=\"DCI Event - Prestataire Technique Audiovisuel\" \/>\n<meta property=\"article:publisher\" content=\"http:\/\/www.facebook.com\/dcievent\" \/>\n<meta property=\"article:published_time\" content=\"2017-02-03T13:15:20+00:00\" \/>\n<meta property=\"article:modified_time\" content=\"2017-02-07T10:08:06+00:00\" \/>\n<meta property=\"og:image\" content=\"https:\/\/mlpbnbifhtdl.i.optimole.com\/cb:Cy3u.b2dd\/w:auto\/h:auto\/q:mauto\/g:sm\/f:best\/https:\/\/dcievent.com\/wp-content\/uploads\/2017\/02\/défilé-de-pellot-mairie-hendaye-sonorisation-eclairage-architectural-DCI-event.jpg\" \/>\n\t<meta property=\"og:image:width\" content=\"480\" \/>\n\t<meta property=\"og:image:height\" content=\"390\" \/>\n\t<meta property=\"og:image:type\" content=\"image\/jpeg\" \/>\n<meta name=\"author\" content=\"Xabi\" \/>\n<meta name=\"twitter:card\" content=\"summary_large_image\" \/>\n<meta name=\"twitter:label1\" content=\"\u00c9crit par\" \/>\n\t<meta name=\"twitter:data1\" content=\"Xabi\" \/>\n<script type=\"application\/ld+json\" class=\"yoast-schema-graph\">{\"@context\":\"https:\\\/\\\/schema.org\",\"@graph\":[{\"@type\":\"Article\",\"@id\":\"https:\\\/\\\/dcievent.com\\\/index.php\\\/2017\\\/02\\\/03\\\/fetes-de-la-bixintxo-hendaye-2017\\\/#article\",\"isPartOf\":{\"@id\":\"https:\\\/\\\/dcievent.com\\\/index.php\\\/2017\\\/02\\\/03\\\/fetes-de-la-bixintxo-hendaye-2017\\\/\"},\"author\":{\"name\":\"Xabi\",\"@id\":\"https:\\\/\\\/dcievent.com\\\/#\\\/schema\\\/person\\\/786a6bd7924d8a08fe637749e17581df\"},\"headline\":\"F\u00eates de la Bixintxo &#8211; Hendaye &#8211; 2017\",\"datePublished\":\"2017-02-03T13:15:20+00:00\",\"dateModified\":\"2017-02-07T10:08:06+00:00\",\"mainEntityOfPage\":{\"@id\":\"https:\\\/\\\/dcievent.com\\\/index.php\\\/2017\\\/02\\\/03\\\/fetes-de-la-bixintxo-hendaye-2017\\\/\"},\"wordCount\":79,\"publisher\":{\"@id\":\"https:\\\/\\\/dcievent.com\\\/#organization\"},\"image\":{\"@id\":\"https:\\\/\\\/dcievent.com\\\/index.php\\\/2017\\\/02\\\/03\\\/fetes-de-la-bixintxo-hendaye-2017\\\/#primaryimage\"},\"thumbnailUrl\":\"https:\\/\\/dcievent.com\\/wp-content\\/uploads\\/2017\\/02\\/d\u00e9fil\u00e9-de-pellot-mairie-hendaye-sonorisation-eclairage-architectural-DCI-event.jpg\",\"articleSection\":[\"100 volts\",\"Concert\"],\"inLanguage\":\"fr-FR\"},{\"@type\":\"WebPage\",\"@id\":\"https:\\\/\\\/dcievent.com\\\/index.php\\\/2017\\\/02\\\/03\\\/fetes-de-la-bixintxo-hendaye-2017\\\/\",\"url\":\"https:\\\/\\\/dcievent.com\\\/index.php\\\/2017\\\/02\\\/03\\\/fetes-de-la-bixintxo-hendaye-2017\\\/\",\"name\":\"F\u00eates de la Bixintxo - Hendaye 2017\",\"isPartOf\":{\"@id\":\"https:\\\/\\\/dcievent.com\\\/#website\"},\"primaryImageOfPage\":{\"@id\":\"https:\\\/\\\/dcievent.com\\\/index.php\\\/2017\\\/02\\\/03\\\/fetes-de-la-bixintxo-hendaye-2017\\\/#primaryimage\"},\"image\":{\"@id\":\"https:\\\/\\\/dcievent.com\\\/index.php\\\/2017\\\/02\\\/03\\\/fetes-de-la-bixintxo-hendaye-2017\\\/#primaryimage\"},\"thumbnailUrl\":\"https:\\/\\/dcievent.com\\/wp-content\\/uploads\\/2017\\/02\\/d\u00e9fil\u00e9-de-pellot-mairie-hendaye-sonorisation-eclairage-architectural-DCI-event.jpg\",\"datePublished\":\"2017-02-03T13:15:20+00:00\",\"dateModified\":\"2017-02-07T10:08:06+00:00\",\"description\":\"D\u00e9fil\u00e9 de Pellot, concours d'omelette des Ikastola, tamborada devant la mairie, repas anim\u00e9, mutxiko, concours de fandango, herri kantu \u00e0 Hendaye, Pays Basque\",\"breadcrumb\":{\"@id\":\"https:\\\/\\\/dcievent.com\\\/index.php\\\/2017\\\/02\\\/03\\\/fetes-de-la-bixintxo-hendaye-2017\\\/#breadcrumb\"},\"inLanguage\":\"fr-FR\",\"potentialAction\":[{\"@type\":\"ReadAction\",\"target\":[\"https:\\\/\\\/dcievent.com\\\/index.php\\\/2017\\\/02\\\/03\\\/fetes-de-la-bixintxo-hendaye-2017\\\/\"]}]},{\"@type\":\"ImageObject\",\"inLanguage\":\"fr-FR\",\"@id\":\"https:\\\/\\\/dcievent.com\\\/index.php\\\/2017\\\/02\\\/03\\\/fetes-de-la-bixintxo-hendaye-2017\\\/#primaryimage\",\"url\":\"https:\\/\\/dcievent.com\\/wp-content\\/uploads\\/2017\\/02\\/d\u00e9fil\u00e9-de-pellot-mairie-hendaye-sonorisation-eclairage-architectural-DCI-event.jpg\",\"contentUrl\":\"https:\\/\\/dcievent.com\\/wp-content\\/uploads\\/2017\\/02\\/d\u00e9fil\u00e9-de-pellot-mairie-hendaye-sonorisation-eclairage-architectural-DCI-event.jpg\",\"width\":480,\"height\":390,\"caption\":\"D\u00e9fil\u00e9 de Pellot Bixintxo Hendaye 2017\"},{\"@type\":\"BreadcrumbList\",\"@id\":\"https:\\\/\\\/dcievent.com\\\/index.php\\\/2017\\\/02\\\/03\\\/fetes-de-la-bixintxo-hendaye-2017\\\/#breadcrumb\",\"itemListElement\":[{\"@type\":\"ListItem\",\"position\":1,\"name\":\"Accueil\",\"item\":\"https:\\\/\\\/dcievent.com\\\/\"},{\"@type\":\"ListItem\",\"position\":2,\"name\":\"F\u00eates de la Bixintxo &#8211; Hendaye &#8211; 2017\"}]},{\"@type\":\"WebSite\",\"@id\":\"https:\\\/\\\/dcievent.com\\\/#website\",\"url\":\"https:\\\/\\\/dcievent.com\\\/\",\"name\":\"DCI Event\",\"description\":\"Location sonorisation, int\u00e9grateur audiovisuel, r\u00e9gie technique de spectacle\",\"publisher\":{\"@id\":\"https:\\\/\\\/dcievent.com\\\/#organization\"},\"potentialAction\":[{\"@type\":\"SearchAction\",\"target\":{\"@type\":\"EntryPoint\",\"urlTemplate\":\"https:\\\/\\\/dcievent.com\\\/?s={search_term_string}\"},\"query-input\":{\"@type\":\"PropertyValueSpecification\",\"valueRequired\":true,\"valueName\":\"search_term_string\"}}],\"inLanguage\":\"fr-FR\"},{\"@type\":\"Organization\",\"@id\":\"https:\\\/\\\/dcievent.com\\\/#organization\",\"name\":\"DCI event\",\"url\":\"https:\\\/\\\/dcievent.com\\\/\",\"logo\":{\"@type\":\"ImageObject\",\"inLanguage\":\"fr-FR\",\"@id\":\"https:\\\/\\\/dcievent.com\\\/#\\\/schema\\\/logo\\\/image\\\/\",\"url\":\"https:\\/\\/dcievent.com\\/wp-content\\/uploads\\/2024\\/01\\/cropped-cropped-DCI_LogoEvent_CMJN_HD-scaled-1.jpg\",\"contentUrl\":\"https:\\/\\/dcievent.com\\/wp-content\\/uploads\\/2024\\/01\\/cropped-cropped-DCI_LogoEvent_CMJN_HD-scaled-1.jpg\",\"width\":512,\"height\":512,\"caption\":\"DCI event\"},\"image\":{\"@id\":\"https:\\\/\\\/dcievent.com\\\/#\\\/schema\\\/logo\\\/image\\\/\"},\"sameAs\":[\"http:\\\/\\\/www.facebook.com\\\/dcievent\",\"http:\\\/\\\/www.instagram.com\\\/dcievent\"]},{\"@type\":\"Person\",\"@id\":\"https:\\\/\\\/dcievent.com\\\/#\\\/schema\\\/person\\\/786a6bd7924d8a08fe637749e17581df\",\"name\":\"Xabi\",\"image\":{\"@type\":\"ImageObject\",\"inLanguage\":\"fr-FR\",\"@id\":\"https:\\\/\\\/secure.gravatar.com\\\/avatar\\\/edb7a485a3591918f7cc1c3a167ff2b013273a0f828af59e9d4e76c336add007?s=96&d=mm&r=g\",\"url\":\"https:\\\/\\\/secure.gravatar.com\\\/avatar\\\/edb7a485a3591918f7cc1c3a167ff2b013273a0f828af59e9d4e76c336add007?s=96&d=mm&r=g\",\"contentUrl\":\"https:\\\/\\\/secure.gravatar.com\\\/avatar\\\/edb7a485a3591918f7cc1c3a167ff2b013273a0f828af59e9d4e76c336add007?s=96&d=mm&r=g\",\"caption\":\"Xabi\"}}]}<\/script>\n<!-- \/ Yoast SEO plugin. -->","yoast_head_json":{"title":"F\u00eates de la Bixintxo - Hendaye 2017","description":"D\u00e9fil\u00e9 de Pellot, concours d'omelette des Ikastola, tamborada devant la mairie, repas anim\u00e9, mutxiko, concours de fandango, herri kantu \u00e0 Hendaye, Pays Basque","robots":{"index":"index","follow":"follow","max-snippet":"max-snippet:-1","max-image-preview":"max-image-preview:large","max-video-preview":"max-video-preview:-1"},"canonical":"https:\/\/dcievent.com\/index.php\/2017\/02\/03\/fetes-de-la-bixintxo-hendaye-2017\/","og_locale":"fr_FR","og_type":"article","og_title":"F\u00eates de la Bixintxo - Hendaye 2017","og_description":"D\u00e9fil\u00e9 de Pellot, concours d'omelette des Ikastola, tamborada devant la mairie, repas anim\u00e9, mutxiko, concours de fandango, herri kantu \u00e0 Hendaye, Pays Basque","og_url":"https:\/\/dcievent.com\/index.php\/2017\/02\/03\/fetes-de-la-bixintxo-hendaye-2017\/","og_site_name":"DCI Event - Prestataire Technique Audiovisuel","article_publisher":"http:\/\/www.facebook.com\/dcievent","article_published_time":"2017-02-03T13:15:20+00:00","article_modified_time":"2017-02-07T10:08:06+00:00","og_image":[{"width":480,"height":390,"url":"https:\/\/mlpbnbifhtdl.i.optimole.com\/cb:Cy3u.b2dd\/w:auto\/h:auto\/q:mauto\/g:sm\/f:best\/https:\/\/dcievent.com\/wp-content\/uploads\/2017\/02\/défilé-de-pellot-mairie-hendaye-sonorisation-eclairage-architectural-DCI-event.jpg","type":"image\/jpeg"}],"author":"Xabi","twitter_card":"summary_large_image","twitter_misc":{"\u00c9crit par":"Xabi"},"schema":{"@context":"https:\/\/schema.org","@graph":[{"@type":"Article","@id":"https:\/\/dcievent.com\/index.php\/2017\/02\/03\/fetes-de-la-bixintxo-hendaye-2017\/#article","isPartOf":{"@id":"https:\/\/dcievent.com\/index.php\/2017\/02\/03\/fetes-de-la-bixintxo-hendaye-2017\/"},"author":{"name":"Xabi","@id":"https:\/\/dcievent.com\/#\/schema\/person\/786a6bd7924d8a08fe637749e17581df"},"headline":"F\u00eates de la Bixintxo &#8211; Hendaye &#8211; 2017","datePublished":"2017-02-03T13:15:20+00:00","dateModified":"2017-02-07T10:08:06+00:00","mainEntityOfPage":{"@id":"https:\/\/dcievent.com\/index.php\/2017\/02\/03\/fetes-de-la-bixintxo-hendaye-2017\/"},"wordCount":79,"publisher":{"@id":"https:\/\/dcievent.com\/#organization"},"image":{"@id":"https:\/\/dcievent.com\/index.php\/2017\/02\/03\/fetes-de-la-bixintxo-hendaye-2017\/#primaryimage"},"thumbnailUrl":"https:\/\/mlpbnbifhtdl.i.optimole.com\/cb:Cy3u.b2dd\/w:auto\/h:auto\/q:mauto\/g:sm\/f:best\/https:\/\/dcievent.com\/wp-content\/uploads\/2017\/02\/défilé-de-pellot-mairie-hendaye-sonorisation-eclairage-architectural-DCI-event.jpg","articleSection":["100 volts","Concert"],"inLanguage":"fr-FR"},{"@type":"WebPage","@id":"https:\/\/dcievent.com\/index.php\/2017\/02\/03\/fetes-de-la-bixintxo-hendaye-2017\/","url":"https:\/\/dcievent.com\/index.php\/2017\/02\/03\/fetes-de-la-bixintxo-hendaye-2017\/","name":"F\u00eates de la Bixintxo - Hendaye 2017","isPartOf":{"@id":"https:\/\/dcievent.com\/#website"},"primaryImageOfPage":{"@id":"https:\/\/dcievent.com\/index.php\/2017\/02\/03\/fetes-de-la-bixintxo-hendaye-2017\/#primaryimage"},"image":{"@id":"https:\/\/dcievent.com\/index.php\/2017\/02\/03\/fetes-de-la-bixintxo-hendaye-2017\/#primaryimage"},"thumbnailUrl":"https:\/\/mlpbnbifhtdl.i.optimole.com\/cb:Cy3u.b2dd\/w:auto\/h:auto\/q:mauto\/g:sm\/f:best\/https:\/\/dcievent.com\/wp-content\/uploads\/2017\/02\/défilé-de-pellot-mairie-hendaye-sonorisation-eclairage-architectural-DCI-event.jpg","datePublished":"2017-02-03T13:15:20+00:00","dateModified":"2017-02-07T10:08:06+00:00","description":"D\u00e9fil\u00e9 de Pellot, concours d'omelette des Ikastola, tamborada devant la mairie, repas anim\u00e9, mutxiko, concours de fandango, herri kantu \u00e0 Hendaye, Pays Basque","breadcrumb":{"@id":"https:\/\/dcievent.com\/index.php\/2017\/02\/03\/fetes-de-la-bixintxo-hendaye-2017\/#breadcrumb"},"inLanguage":"fr-FR","potentialAction":[{"@type":"ReadAction","target":["https:\/\/dcievent.com\/index.php\/2017\/02\/03\/fetes-de-la-bixintxo-hendaye-2017\/"]}]},{"@type":"ImageObject","inLanguage":"fr-FR","@id":"https:\/\/dcievent.com\/index.php\/2017\/02\/03\/fetes-de-la-bixintxo-hendaye-2017\/#primaryimage","url":"https:\/\/mlpbnbifhtdl.i.optimole.com\/cb:Cy3u.b2dd\/w:auto\/h:auto\/q:mauto\/g:sm\/f:best\/https:\/\/dcievent.com\/wp-content\/uploads\/2017\/02\/défilé-de-pellot-mairie-hendaye-sonorisation-eclairage-architectural-DCI-event.jpg","contentUrl":"https:\/\/mlpbnbifhtdl.i.optimole.com\/cb:Cy3u.b2dd\/w:auto\/h:auto\/q:mauto\/g:sm\/f:best\/https:\/\/dcievent.com\/wp-content\/uploads\/2017\/02\/défilé-de-pellot-mairie-hendaye-sonorisation-eclairage-architectural-DCI-event.jpg","width":480,"height":390,"caption":"D\u00e9fil\u00e9 de Pellot Bixintxo Hendaye 2017"},{"@type":"BreadcrumbList","@id":"https:\/\/dcievent.com\/index.php\/2017\/02\/03\/fetes-de-la-bixintxo-hendaye-2017\/#breadcrumb","itemListElement":[{"@type":"ListItem","position":1,"name":"Accueil","item":"https:\/\/dcievent.com\/"},{"@type":"ListItem","position":2,"name":"F\u00eates de la Bixintxo &#8211; Hendaye &#8211; 2017"}]},{"@type":"WebSite","@id":"https:\/\/dcievent.com\/#website","url":"https:\/\/dcievent.com\/","name":"DCI Event","description":"Location sonorisation, int\u00e9grateur audiovisuel, r\u00e9gie technique de spectacle","publisher":{"@id":"https:\/\/dcievent.com\/#organization"},"potentialAction":[{"@type":"SearchAction","target":{"@type":"EntryPoint","urlTemplate":"https:\/\/dcievent.com\/?s={search_term_string}"},"query-input":{"@type":"PropertyValueSpecification","valueRequired":true,"valueName":"search_term_string"}}],"inLanguage":"fr-FR"},{"@type":"Organization","@id":"https:\/\/dcievent.com\/#organization","name":"DCI event","url":"https:\/\/dcievent.com\/","logo":{"@type":"ImageObject","inLanguage":"fr-FR","@id":"https:\/\/dcievent.com\/#\/schema\/logo\/image\/","url":"https:\/\/mlpbnbifhtdl.i.optimole.com\/cb:Cy3u.b2dd\/w:auto\/h:auto\/q:mauto\/g:sm\/f:best\/https:\/\/dcievent.com\/wp-content\/uploads\/2024\/01\/cropped-cropped-DCI_LogoEvent_CMJN_HD-scaled-1.jpg","contentUrl":"https:\/\/mlpbnbifhtdl.i.optimole.com\/cb:Cy3u.b2dd\/w:auto\/h:auto\/q:mauto\/g:sm\/f:best\/https:\/\/dcievent.com\/wp-content\/uploads\/2024\/01\/cropped-cropped-DCI_LogoEvent_CMJN_HD-scaled-1.jpg","width":512,"height":512,"caption":"DCI event"},"image":{"@id":"https:\/\/dcievent.com\/#\/schema\/logo\/image\/"},"sameAs":["http:\/\/www.facebook.com\/dcievent","http:\/\/www.instagram.com\/dcievent"]},{"@type":"Person","@id":"https:\/\/dcievent.com\/#\/schema\/person\/786a6bd7924d8a08fe637749e17581df","name":"Xabi","image":{"@type":"ImageObject","inLanguage":"fr-FR","@id":"https:\/\/secure.gravatar.com\/avatar\/edb7a485a3591918f7cc1c3a167ff2b013273a0f828af59e9d4e76c336add007?s=96&d=mm&r=g","url":"https:\/\/secure.gravatar.com\/avatar\/edb7a485a3591918f7cc1c3a167ff2b013273a0f828af59e9d4e76c336add007?s=96&d=mm&r=g","contentUrl":"https:\/\/secure.gravatar.com\/avatar\/edb7a485a3591918f7cc1c3a167ff2b013273a0f828af59e9d4e76c336add007?s=96&d=mm&r=g","caption":"Xabi"}}]}},"_links":{"self":[{"href":"https:\/\/dcievent.com\/index.php\/wp-json\/wp\/v2\/posts\/1389","targetHints":{"allow":["GET"]}}],"collection":[{"href":"https:\/\/dcievent.com\/index.php\/wp-json\/wp\/v2\/posts"}],"about":[{"href":"https:\/\/dcievent.com\/index.php\/wp-json\/wp\/v2\/types\/post"}],"author":[{"embeddable":true,"href":"https:\/\/dcievent.com\/index.php\/wp-json\/wp\/v2\/users\/1"}],"replies":[{"embeddable":true,"href":"https:\/\/dcievent.com\/index.php\/wp-json\/wp\/v2\/comments?post=1389"}],"version-history":[{"count":6,"href":"https:\/\/dcievent.com\/index.php\/wp-json\/wp\/v2\/posts\/1389\/revisions"}],"predecessor-version":[{"id":1419,"href":"https:\/\/dcievent.com\/index.php\/wp-json\/wp\/v2\/posts\/1389\/revisions\/1419"}],"wp:featuredmedia":[{"embeddable":true,"href":"https:\/\/dcievent.com\/index.php\/wp-json\/wp\/v2\/media\/1393"}],"wp:attachment":[{"href":"https:\/\/dcievent.com\/index.php\/wp-json\/wp\/v2\/media?parent=1389"}],"wp:term":[{"taxonomy":"category","embeddable":true,"href":"https:\/\/dcievent.com\/index.php\/wp-json\/wp\/v2\/categories?post=1389"},{"taxonomy":"post_tag","embeddable":true,"href":"https:\/\/dcievent.com\/index.php\/wp-json\/wp\/v2\/tags?post=1389"}],"curies":[{"name":"wp","href":"https:\/\/api.w.org\/{rel}","templated":true}]}}